{"id":17309,"date":"2025-10-10T04:02:07","date_gmt":"2025-10-10T04:02:07","guid":{"rendered":"https:\/\/www.europesays.com\/lv\/17309\/"},"modified":"2025-10-10T04:02:07","modified_gmt":"2025-10-10T04:02:07","slug":"eiropai-javeic-gan-finansu-gan-politiskas-un-intelektualas-investicijas-aizsardzibas-joma-dienas-bizness","status":"publish","type":"post","link":"https:\/\/www.europesays.com\/lv\/17309\/","title":{"rendered":"Eiropai j\u0101veic gan finan\u0161u, gan politisk\u0101s un intelektu\u0101l\u0101s invest\u012bcijas aizsardz\u012bbas jom\u0101 :: Dienas Bizness"},"content":{"rendered":"<p class=\"text-font font-size--text-xlarge margin-3--bottom font-weight--bold padding-1--top\">Eiropai ir j\u0101veic strat\u0113\u0123iskas invest\u012bcijas ne tikai finan\u0161u, bet ar\u012b intelektu\u0101laj\u0101 un politiskaj\u0101 l\u012bmen\u012b, lai stiprin\u0101tu aizsardz\u012bbas gatav\u012bbu un aizsardz\u012bbas r\u016bpniec\u012bbu, uzsv\u0113ra Eiropas Savien\u012bbas (ES) aizsardz\u012bbas un kosmosa komis\u0101rs Andrjus Kubi\u013cus, kur\u0161 ceturtdien piedal\u012bj\u0101s dro\u0161\u012bbas un \u0101rpolitikas forum\u0101 &#8220;R\u012bgas konference&#8221;.<\/p>\n<p class=\"text-font font-size--text-xlarge margin-3--bottom\">Vi\u0146\u0161 skaidroja, ka viens no galvenajiem faktoriem, kas nosaka Eiropas l\u0113mumus aizsardz\u012bbas jom\u0101, ir Krievijas agresijas iesp\u0113jam\u012bba tuv\u0101ko tr\u012bs l\u012bdz piecu gadu laik\u0101. Vi\u0146\u0161 nor\u0101d\u012bja, ka \u0161\u0101ds nov\u0113rt\u0113jums balst\u0101s nevis politi\u0137u vai Eiropas Komisijas, bet liel\u0101ko ES dal\u012bbvalstu izl\u016bkdienestu v\u0113rt\u0113jumos.<\/p>\n<p class=\"text-font font-size--text-xlarge margin-3--bottom\">P\u0113c ES aizsardz\u012bbas un kosmosa komis\u0101ra paust\u0101, Krievija ar savu kara ekonomiku un pieredzi Ukrain\u0101 sp\u0113j \u012bstenot pilna m\u0113roga karu, t\u0101d\u0113\u013c Eiropai j\u0101b\u016bt gatavai gan \u0161\u0101da veida agresijai, gan provok\u0101cij\u0101m, kas neiek\u013caujas NATO 5. pant\u0101, tostarp ar droniem vai cit\u0101m metod\u0113m. Vi\u0146\u0161 atz\u012bm\u0113ja, ka Eiropai ir j\u0101rea\u0123\u0113 dinamiski un j\u0101m\u0101c\u0101s prognoz\u0113t apdraud\u0113jumus.<\/p>\n<p class=\"text-font font-size--text-xlarge margin-3--bottom\">Vi\u0146a ieskat\u0101, lai izveidotu dronu sienu, vispirms j\u0101sagrauj &#8220;vec\u0101 siena m\u016bsu dom\u0101\u0161an\u0101&#8221;. Kubi\u013cus nor\u0101d\u012bja, ka Eiropa p\u0101r\u0101k ilgi nav att\u012bst\u012bjusi savas aizsardz\u012bbas sp\u0113jas. Eirokomis\u0101rs atzin\u012bgi nov\u0113rt\u0113ja Latvijas progresu aizsardz\u012bbas jom\u0101, nor\u0101dot, ka Latvija ir viena no l\u012bder\u0113m \u0161aj\u0101 jom\u0101.<\/p>\n<p class=\"text-font font-size--text-xlarge margin-3--bottom\">Vi\u0146\u0161 ar\u012b uzsv\u0113ra, ka j\u0101gatavojas situ\u0101cijai, ja ASV nolems samazin\u0101t savu milit\u0101ro kl\u0101tb\u016btni Eirop\u0101 un piev\u0113rs\u012bsies Klus\u0101 oke\u0101na re\u0123ionam.<\/p>\n<p class=\"text-font font-size--text-xlarge margin-3--bottom\">&#8220;Mums ir j\u0101b\u016bt racion\u0101liem, nevis emocion\u0101liem. B\u016btu lietder\u012bgi vienoties ar ASV par to, k\u0101 un kad Eiropa var\u0113tu aizst\u0101t t\u0101s sp\u0113jas, kuras pa\u0161laik izmanto, lai m\u016bs aizsarg\u0101tu,&#8221; sac\u012bja ES aizsardz\u012bbas un kosmosa komis\u0101rs.<\/p>\n<p class=\"text-font font-size--text-xlarge margin-3--bottom\">Vi\u0146\u0161 piebilda, ka kodoliero\u010du aizsardz\u012bbas &#8220;lietussargs&#8221; var\u0113tu palikt ASV p\u0101rzi\u0146\u0101, bet cit\u0101s jom\u0101s Eiropai j\u0101sp\u0113j nodro\u0161in\u0101t sevi patst\u0101v\u012bgi.<\/p>\n<p class=\"text-font font-size--text-xlarge margin-3--bottom\">Kubi\u013cus uzsv\u0113ra, ka ieguld\u012bjumiem, piem\u0113ram, kosmosa sp\u0113j\u0101s, smag\u0101s transport\u0113\u0161anas iesp\u0113j\u0101s, k\u0101 ar\u012b komandvad\u012bbas un kontroles sist\u0113m\u0101s, j\u0101b\u016bt vienai no ES priorit\u0101t\u0113m, jo \u0161aj\u0101s jom\u0101s Eiropa joproj\u0101m ir atkar\u012bga no ASV.<\/p>\n<p class=\"text-font font-size--text-xlarge margin-3--bottom\">Run\u0101jot par Ukrainas atbalstu, Kubi\u013cus nor\u0101d\u012bja, ka aizvad\u012bto tr\u012bs gadu laik\u0101 ES ir ieguld\u012bjusi 60 miljardus eiro, kas ir aptuveni 0,1% no ES iek\u0161zemes kopprodukta (IKP). Vi\u0146\u0161 atz\u012bm\u0113ja, ka tas ir maz\u0101k nek\u0101 paredz\u0113ts pa\u0161u aizsardz\u012bbas m\u0113r\u0137os &#8211; l\u012bdz 3,5% no IKP.<\/p>\n<p class=\"text-font font-size--text-xlarge margin-3--bottom\">&#8220;Ja m\u0113s aizsardz\u012bbai pl\u0101nojam t\u0113r\u0113t 3,5% no IKP, bet Ukrainas aizsardz\u012bbai atv\u0113lam tikai 0,1%, tad ar m\u016bsu strat\u0113\u0123isko lo\u0123iku kaut kas nav k\u0101rt\u012bb\u0101,&#8221; nor\u0101d\u012bja ES aizsardz\u012bbas un kosmosa komis\u0101rs.<\/p>\n<p class=\"text-font font-size--text-xlarge margin-3--bottom\">Vi\u0146\u0161 pauda cer\u012bbu, ka Krievijas iesald\u0113to akt\u012bvu izmanto\u0161ana Ukrainas atbalstam var\u0113tu dot noz\u012bm\u012bgu ieguld\u012bjumu un &#8220;nos\u016bt\u012bt skaidru sign\u0101lu&#8221;, ka Ukraina sa\u0146ems stabilu atbalstu.<\/p>\n<p class=\"text-font font-size--text-xlarge margin-3--bottom\">Kubi\u013cus uzsv\u0113ra, ka Eiropai tr\u016bkst ilgtermi\u0146a strat\u0113\u0123ijas attiec\u012bb\u0101s ar Krieviju, un tas kav\u0113 vienotu r\u012bc\u012bbu, tostarp pal\u012bdz\u012bbas snieg\u0161anu Ukrainai. Vi\u0146\u0161 nor\u0101d\u012bja, ka da\u013c\u0101 Eiropas galvaspils\u0113tu past\u0101v ba\u017eas, ka Krievijas re\u017e\u012bma destabiliz\u0101cija var\u0113tu rad\u012bt haosu un jaut\u0101jumus par kodoliero\u010du kontroli, kas izraisa vilcin\u0101\u0161anos atbalsta snieg\u0161an\u0101 Ukrainai.<\/p>\n<p class=\"text-font font-size--text-xlarge margin-3--bottom\">Vi\u0146\u0161 inform\u0113ja, ka n\u0101kamned\u0113\u013c tiks public\u0113ts ES &#8220;Aizsardz\u012bbas gatav\u012bbas ce\u013cvedis&#8221;, kas noteiks turpm\u0101kos so\u013cus aizsardz\u012bbas r\u016bpniec\u012bbas att\u012bst\u012bb\u0101, ra\u017eo\u0161anas kapacit\u0101\u0161u palielin\u0101\u0161an\u0101 un iepirkumu sist\u0113mas uzlabo\u0161an\u0101.<\/p>\n<p class=\"text-font font-size--text-xlarge margin-3--bottom\">ES aizsardz\u012bbas un kosmosa komis\u0101rs piebilda, ka \u0161aj\u0101 posm\u0101 ES p\u0101riet no iesp\u0113ju rad\u012b\u0161anas uz &#8220;pieg\u0101\u017eu posmu&#8221;, kur\u0101 galvenais b\u016bs l\u012bgumu sl\u0113g\u0161ana, ra\u017eo\u0161ana un finans\u0113juma nodro\u0161in\u0101\u0161ana.<\/p>\n<p class=\"text-font font-size--text-xlarge margin-3--bottom\">Jau zi\u0146ots, ka Latvijas Universit\u0101tes Zin\u0101t\u0146u m\u0101j\u0101 no ceturtdienas l\u012bdz sestdienai notiek &#8220;R\u012bgas konference&#8221;. Foruma diskusiju centr\u0101 ir NATO n\u0101kotne un Eiropas un ASV atbild\u012bbas sadale, kolekt\u012bv\u0101s aizsardz\u012bbas nostiprin\u0101\u0161ana jaunu draudu priek\u0161\u0101, Ukrainas ilgtermi\u0146a dro\u0161\u012bba un Krievijas ierobe\u017eo\u0161ana, k\u0101 ar\u012b Eiropas aizsardz\u012bbas stiprin\u0101\u0161ana ar strat\u0113\u0123isk\u0101m invest\u012bcij\u0101m.<\/p>\n","protected":false},"excerpt":{"rendered":"Eiropai ir j\u0101veic strat\u0113\u0123iskas invest\u012bcijas ne tikai finan\u0161u, bet ar\u012b intelektu\u0101laj\u0101 un politiskaj\u0101 l\u012bmen\u012b, lai stiprin\u0101tu aizsardz\u012bbas gatav\u012bbu&hellip;\n","protected":false},"author":2,"featured_media":17310,"comment_status":"","ping_status":"","sticky":false,"template":"","format":"standard","meta":{"footnotes":""},"categories":[5],"tags":[23,869,77,870,28,29,867,32,33,22,30,31,35,39,38,36,37,34,871,868,40,20,26,27,24,25,21],"class_list":{"0":"post-17309","1":"post","2":"type-post","3":"status-publish","4":"format-standard","5":"has-post-thumbnail","7":"category-aktualitates","8":"tag-aktualitates","9":"tag-biznesa-zinas","10":"tag-bizness","11":"tag-bizness-latvija","12":"tag-breaking-news","13":"tag-breakingnews","14":"tag-dienas-zinas","15":"tag-featured-news","16":"tag-featurednews","17":"tag-headlines","18":"tag-latest-news","19":"tag-latestnews","20":"tag-latvia","21":"tag-latvian","22":"tag-latviesu","23":"tag-latviesu-valoda","24":"tag-latviesuvaloda","25":"tag-latvija","26":"tag-latvijas-biznesa-zinas","27":"tag-latvijas-zinas","28":"tag-lv","29":"tag-news","30":"tag-popularakas-zinas","31":"tag-popularakaszinas","32":"tag-top-stories","33":"tag-topstories","34":"tag-zinas"},"share_on_mastodon":{"url":"","error":""},"_links":{"self":[{"href":"https:\/\/www.europesays.com\/lv\/wp-json\/wp\/v2\/posts\/17309","targetHints":{"allow":["GET"]}}],"collection":[{"href":"https:\/\/www.europesays.com\/lv\/wp-json\/wp\/v2\/posts"}],"about":[{"href":"https:\/\/www.europesays.com\/lv\/wp-json\/wp\/v2\/types\/post"}],"author":[{"embeddable":true,"href":"https:\/\/www.europesays.com\/lv\/wp-json\/wp\/v2\/users\/2"}],"replies":[{"embeddable":true,"href":"https:\/\/www.europesays.com\/lv\/wp-json\/wp\/v2\/comments?post=17309"}],"version-history":[{"count":0,"href":"https:\/\/www.europesays.com\/lv\/wp-json\/wp\/v2\/posts\/17309\/revisions"}],"wp:featuredmedia":[{"embeddable":true,"href":"https:\/\/www.europesays.com\/lv\/wp-json\/wp\/v2\/media\/17310"}],"wp:attachment":[{"href":"https:\/\/www.europesays.com\/lv\/wp-json\/wp\/v2\/media?parent=17309"}],"wp:term":[{"taxonomy":"category","embeddable":true,"href":"https:\/\/www.europesays.com\/lv\/wp-json\/wp\/v2\/categories?post=17309"},{"taxonomy":"post_tag","embeddable":true,"href":"https:\/\/www.europesays.com\/lv\/wp-json\/wp\/v2\/tags?post=17309"}],"curies":[{"name":"wp","href":"https:\/\/api.w.org\/{rel}","templated":true}]}}