{"id":17365,"date":"2025-10-10T05:43:09","date_gmt":"2025-10-10T05:43:09","guid":{"rendered":"https:\/\/www.europesays.com\/lv\/17365\/"},"modified":"2025-10-10T05:43:09","modified_gmt":"2025-10-10T05:43:09","slug":"kanadas-gaisa-speku-iznicinataji-piektdien-veiks-parlidojumu-virs-rigas","status":"publish","type":"post","link":"https:\/\/www.europesays.com\/lv\/17365\/","title":{"rendered":"Kan\u0101das Gaisa sp\u0113ku izn\u012bcin\u0101t\u0101ji piektdien veiks p\u0101rlidojumu virs R\u012bgas"},"content":{"rendered":"<p>Savuk\u0101rt piektdien, 10. oktobr\u012b, Kan\u0101das izn\u012bcin\u0101t\u0101ji \u201cCF-18\u201d veiks p\u0101rlidojumu virs R\u012bgas, un ap pulksten 11.00 tas b\u016bs redzams virs Br\u012bv\u012bbas pieminek\u013ca.<\/p>\n<p>\u201cKan\u0101da ir ilgsto\u0161s un uzticams Latvijas sabiedrotais. T\u0101s kl\u0101tb\u016btne un atbalsts apliecina m\u016bsu kop\u012bgo ap\u0146\u0113m\u012bbu stiprin\u0101t <a href=\"https:\/\/www.tvnet.lv\/term\/9898\/nato\" class=\"topicLink\" target=\"_blank\" rel=\"nofollow noopener\">NATO<\/a> dro\u0161\u012bbas sp\u0113jas Baltijas re\u0123ion\u0101 un aizsarg\u0101t demokr\u0101tiskas v\u0113rt\u012bbas,\u201d uzsver aizsardz\u012bbas ministrs Andris Spr\u016bds.<\/p>\n<p>Jau zi\u0146ots, ka septembr\u012b un oktobr\u012b Latvij\u0101 notiek starptautisk\u0101s m\u0101c\u012bbas \u201cTARASSIS\u201d, kur\u0101s l\u012bdz\u0101s Apvienoto rea\u0123\u0113\u0161anas sp\u0113ku dal\u012bbvalst\u012bm \u2013 Lielbrit\u0101nijai, D\u0101nijai, Igaunijai, Latvijai, Lietuvai, N\u012bderlandei, Norv\u0113\u0123ijai, Somijai, Zviedrijai un Islandei &#8211; piedal\u0101s ar\u012b Kan\u0101das bru\u0146otie sp\u0113ki. M\u0101c\u012bbas \u201cTARASSIS\u201d apvieno virkni milit\u0101ro aktivit\u0101\u0161u, lai demonstr\u0113tu Apvienoto rea\u0123\u0113\u0161anas sp\u0113ku sp\u0113ju r\u012bkoties vienoti, rea\u0123\u0113jot uz re\u0123ion\u0101l\u0101s dro\u0161\u012bbas apdraud\u0113jumiem. \u201cTARASSIS\u201d ir l\u012bdz \u0161im v\u0113rien\u012bg\u0101k\u0101s Apvienoto rea\u0123\u0113\u0161anas sp\u0113ku m\u0101c\u012bbas kop\u0161 to izveides.<\/p>\n<p>Latvijai ir cie\u0161as attiec\u012bbas ar Kan\u0101du, kas ir Latvij\u0101 izvietot\u0101s NATO daudznacion\u0101l\u0101s brig\u0101des vado\u0161\u0101 valsts. Sabiedroto brig\u0101de apvieno karav\u012brus no Kan\u0101das, Alb\u0101nijas, \u010cehijas, D\u0101nijas, Islandes, It\u0101lijas, Zieme\u013cma\u0137edonijas, Melnkalnes, Polijas, Slov\u0101kijas, Slov\u0113nijas, Sp\u0101nijas un Zviedrijas.<\/p>\n<p>Kan\u0101das premjerministra Marka K\u0101rnija viz\u012btes laik\u0101 Latvij\u0101 \u0161\u012b gada august\u0101 <a href=\"https:\/\/www.tvnet.lv\/term\/2773\/kanada\" class=\"topicLink\" target=\"_blank\" rel=\"nofollow noopener\">Kan\u0101da<\/a> apstiprin\u0101ja, ka v\u0113l vismaz turpm\u0101kos tr\u012bs gadus vad\u012bs NATO daudznacion\u0101lo brig\u0101di Latvij\u0101, apliecinot stingru ap\u0146em\u0161anos garant\u0113t sabiedroto kl\u0101tb\u016btni Baltijas re\u0123ion\u0101.<\/p>\n<p><a href=\"https:\/\/www.tvnet.lv\/term\/555432\/latvija\" class=\"topicLink\" target=\"_blank\" rel=\"nofollow noopener\">Latvija<\/a> kop\u0101 ar Kan\u0101das sabiedrotajiem str\u0101d\u0101 ar\u012b pie infrastrukt\u016bras att\u012bst\u012bbas, piem\u0113ram, kazarmu b\u016bvniec\u012bbas, k\u0101 ar\u012b ce\u013cu uzlabo\u0161anas un p\u0101rb\u016bves, lai n\u0101kotn\u0113 nodro\u0161in\u0101tu milit\u0101r\u0101 transporta p\u0101rvieto\u0161anos uz un no milit\u0101r\u0101s b\u0101zes \u201cCeri\u201d M\u0101rupes novad\u0101.<\/p>\n<p>T\u0101pat Kan\u0101da ir starptautisk\u0101s Dronu koal\u012bcijas Ukrainas atbalstam dal\u012bbvalsts, un iesaist\u0101s Ukrainas karav\u012bru apm\u0101c\u012b\u0161an\u0101.<\/p>\n","protected":false},"excerpt":{"rendered":"Savuk\u0101rt piektdien, 10. oktobr\u012b, Kan\u0101das izn\u012bcin\u0101t\u0101ji \u201cCF-18\u201d veiks p\u0101rlidojumu virs R\u012bgas, un ap pulksten 11.00 tas b\u016bs redzams&hellip;\n","protected":false},"author":2,"featured_media":17366,"comment_status":"","ping_status":"","sticky":false,"template":"","format":"standard","meta":{"footnotes":""},"categories":[14],"tags":[23,57,28,29,32,33,22,486,30,31,35,39,38,36,37,34,40,71,20,26,27,24,25,54,55,56,21,58],"class_list":{"0":"post-17365","1":"post","2":"type-post","3":"status-publish","4":"format-standard","5":"has-post-thumbnail","7":"category-zinas-no-arvalstim","8":"tag-aktualitates","9":"tag-arvalstim","10":"tag-breaking-news","11":"tag-breakingnews","12":"tag-featured-news","13":"tag-featurednews","14":"tag-headlines","15":"tag-kanada","16":"tag-latest-news","17":"tag-latestnews","18":"tag-latvia","19":"tag-latvian","20":"tag-latviesu","21":"tag-latviesu-valoda","22":"tag-latviesuvaloda","23":"tag-latvija","24":"tag-lv","25":"tag-nato","26":"tag-news","27":"tag-popularakas-zinas","28":"tag-popularakaszinas","29":"tag-top-stories","30":"tag-topstories","31":"tag-world","32":"tag-world-news","33":"tag-worldnews","34":"tag-zinas","35":"tag-zinas-no-arvalstim"},"share_on_mastodon":{"url":"","error":""},"_links":{"self":[{"href":"https:\/\/www.europesays.com\/lv\/wp-json\/wp\/v2\/posts\/17365","targetHints":{"allow":["GET"]}}],"collection":[{"href":"https:\/\/www.europesays.com\/lv\/wp-json\/wp\/v2\/posts"}],"about":[{"href":"https:\/\/www.europesays.com\/lv\/wp-json\/wp\/v2\/types\/post"}],"author":[{"embeddable":true,"href":"https:\/\/www.europesays.com\/lv\/wp-json\/wp\/v2\/users\/2"}],"replies":[{"embeddable":true,"href":"https:\/\/www.europesays.com\/lv\/wp-json\/wp\/v2\/comments?post=17365"}],"version-history":[{"count":0,"href":"https:\/\/www.europesays.com\/lv\/wp-json\/wp\/v2\/posts\/17365\/revisions"}],"wp:featuredmedia":[{"embeddable":true,"href":"https:\/\/www.europesays.com\/lv\/wp-json\/wp\/v2\/media\/17366"}],"wp:attachment":[{"href":"https:\/\/www.europesays.com\/lv\/wp-json\/wp\/v2\/media?parent=17365"}],"wp:term":[{"taxonomy":"category","embeddable":true,"href":"https:\/\/www.europesays.com\/lv\/wp-json\/wp\/v2\/categories?post=17365"},{"taxonomy":"post_tag","embeddable":true,"href":"https:\/\/www.europesays.com\/lv\/wp-json\/wp\/v2\/tags?post=17365"}],"curies":[{"name":"wp","href":"https:\/\/api.w.org\/{rel}","templated":true}]}}