{"id":173768,"date":"2026-04-08T07:05:08","date_gmt":"2026-04-08T07:05:08","guid":{"rendered":"https:\/\/www.europesays.com\/lv\/173768\/"},"modified":"2026-04-08T07:05:08","modified_gmt":"2026-04-08T07:05:08","slug":"dziedataja-sabella-laiz-klaja-jaunu-dziesmu-tu-man-dienu-es-tev-nakti","status":"publish","type":"post","link":"https:\/\/www.europesays.com\/lv\/173768\/","title":{"rendered":"Dzied\u0101t\u0101ja Sabella lai\u017e klaj\u0101 jaunu dziesmu &#8221;Tu man dienu, Es Tev nakti&#8221;"},"content":{"rendered":"<p class=\"MsoNormal\">Dziesma rad\u012bta \u012bpa\u0161i Sabellas balsij, mekl\u0113jot tai vispiem\u0113rot\u0101ko skan\u0113jumu un noska\u0146u. Rado\u0161aj\u0101 proces\u0101 tika izm\u0113\u0123in\u0101ti da\u017e\u0101di muzik\u0101lie risin\u0101jumi, l\u012bdz rezult\u0101t\u0101 tika izv\u0113l\u0113ts <a href=\"https:\/\/sejas.tvnet.lv\/term\/965277\/klavieru-pavadijums\" class=\"topicLink\" target=\"_blank\" rel=\"nofollow noopener\">klavieru pavad\u012bjums<\/a>, kas dziesmai pie\u0161\u0137ir emocion\u0101lu un nians\u0113tu skan\u0113jumu. Pie aran\u017eijas str\u0101d\u0101jusi &#8220;Studio 55&#8221; komanda; ar\u012b dziesmas ieraksts tapis \u0161aj\u0101 studij\u0101.<\/p>\n<blockquote class=\"quote ck-widget\" contenteditable=\"false\">\n<p>&#8220;\u0160\u012b dziesma man ir \u013coti personiska \u2013 t\u0101 ir par saj\u016bt\u0101m, kuras rodas attiec\u012bb\u0101s; par to, k\u0101 m\u0113s viens otru papildin\u0101m.<\/p>\n<\/blockquote>\n<p class=\"MsoNormal\">Mekl\u0113j\u0101m \u012bsto skan\u0113jumu, l\u012bdz saprat\u0101m, ka tie\u0161i vienk\u0101r\u0161\u012bba un koncertmeistares El\u012bnas Strances ieska\u0146otais br\u012bni\u0161\u0137\u012bgais klavieru pavad\u012bjums vislab\u0101k izce\u013c dziesmas noska\u0146u,&#8221; par savu veikumu st\u0101sta <a href=\"https:\/\/sejas.tvnet.lv\/term\/965271\/sabella\" class=\"topicLink\" target=\"_blank\" rel=\"nofollow noopener\">Sabella<\/a>.<\/p>\n<p>L\u012bdz ar dziesmas izn\u0101k\u0161anu tapis ar\u012b <a href=\"https:\/\/sejas.tvnet.lv\/term\/556049\/videoklips\" class=\"topicLink\" target=\"_blank\" rel=\"nofollow noopener\">videoklips<\/a>, kas tika film\u0113ts vair\u0101k\u0101s lok\u0101cij\u0101s divu dienu garum\u0101 un kura idejas autori un realiz\u0113t\u0101ji ir <a href=\"https:\/\/sejas.tvnet.lv\/term\/965279\/edvards-bidzans\" class=\"topicLink\" target=\"_blank\" rel=\"nofollow noopener\">Edvards Bidz\u0101ns<\/a> un Anna Marija Rutkovska.<\/p>\n<p class=\"MsoNormal\">Sabella savas solom\u0101kslinieces gaitas uzs\u0101kusi 2024.gada nogal\u0113, pilnveidojot vok\u0101l\u0101s prasmes pie operdzied\u0101t\u0101jas Viktorijas Majores un v\u0113l\u0101k \u2013 ar\u012b pie dzied\u0101t\u0101jas Lienes \u0160omases. Iepriek\u0161 vi\u0146a dzied\u0101jusi jauktajos koros &#8220;Burtnieks&#8221;, &#8220;R\u012bdzene&#8221; un &#8220;Jasm\u012bnas kor\u012b&#8221;, kura koncert\u0101 VEF Kult\u016bras pils Kamerz\u0101l\u0113 pirmo reizi dzied\u0101ja solo, izpildot &#8220;Kerijas dziesmu&#8221; no Raimonda Paula m\u016bzikla &#8220;M\u0101sa Kerija&#8221; un, pateicoties \u0161ai pieredzei, vi\u0146ai rad\u0101s interese par solo dzied\u0101\u0161anu.<\/p>\n","protected":false},"excerpt":{"rendered":"Dziesma rad\u012bta \u012bpa\u0161i Sabellas balsij, mekl\u0113jot tai vispiem\u0113rot\u0101ko skan\u0113jumu un noska\u0146u. Rado\u0161aj\u0101 proces\u0101 tika izm\u0113\u0123in\u0101ti da\u017e\u0101di muzik\u0101lie risin\u0101jumi,&hellip;\n","protected":false},"author":2,"featured_media":173769,"comment_status":"","ping_status":"","sticky":false,"template":"","format":"standard","meta":{"footnotes":"","_share_on_mastodon":"0"},"categories":[19],"tags":[33731,22056,33735,5645,33728,89,33725,90,2043,33729,3927,35,39,38,36,37,34,40,33726,33732,33734,33723,12569,33733,33730,33727,33724,33736,441],"class_list":["post-173768","post","type-post","status-publish","format-standard","has-post-thumbnail","category-izklaide","tag-anna-marija-rutkovska","tag-aptumsums","tag-balta-saule","tag-edvards-bidzans","tag-emocionals-skanejums","tag-entertainment","tag-es-tev-nakti","tag-izklaide","tag-jauna-dziesma","tag-klavieru-pavadijums","tag-konkurss","tag-latvia","tag-latvian","tag-latviesu","tag-latviesu-valoda","tag-latviesuvaloda","tag-latvija","tag-lv","tag-muzikis-istais-martins","tag-operdziedataja-viktorija-majore","tag-raimonda-paula","tag-sabella","tag-solo-albums","tag-solo-dziedasana","tag-studio-55","tag-teksts-aiga-dreiba","tag-tu-man-dienu","tag-uldis-jekabsons","tag-videoklips"],"share_on_mastodon":{"url":"","error":"Validation failed: Text character limit of 500 exceeded"},"_links":{"self":[{"href":"https:\/\/www.europesays.com\/lv\/wp-json\/wp\/v2\/posts\/173768","targetHints":{"allow":["GET"]}}],"collection":[{"href":"https:\/\/www.europesays.com\/lv\/wp-json\/wp\/v2\/posts"}],"about":[{"href":"https:\/\/www.europesays.com\/lv\/wp-json\/wp\/v2\/types\/post"}],"author":[{"embeddable":true,"href":"https:\/\/www.europesays.com\/lv\/wp-json\/wp\/v2\/users\/2"}],"replies":[{"embeddable":true,"href":"https:\/\/www.europesays.com\/lv\/wp-json\/wp\/v2\/comments?post=173768"}],"version-history":[{"count":0,"href":"https:\/\/www.europesays.com\/lv\/wp-json\/wp\/v2\/posts\/173768\/revisions"}],"wp:featuredmedia":[{"embeddable":true,"href":"https:\/\/www.europesays.com\/lv\/wp-json\/wp\/v2\/media\/173769"}],"wp:attachment":[{"href":"https:\/\/www.europesays.com\/lv\/wp-json\/wp\/v2\/media?parent=173768"}],"wp:term":[{"taxonomy":"category","embeddable":true,"href":"https:\/\/www.europesays.com\/lv\/wp-json\/wp\/v2\/categories?post=173768"},{"taxonomy":"post_tag","embeddable":true,"href":"https:\/\/www.europesays.com\/lv\/wp-json\/wp\/v2\/tags?post=173768"}],"curies":[{"name":"wp","href":"https:\/\/api.w.org\/{rel}","templated":true}]}}