{"id":17396,"date":"2025-10-10T06:18:07","date_gmt":"2025-10-10T06:18:07","guid":{"rendered":"https:\/\/www.europesays.com\/lv\/17396\/"},"modified":"2025-10-10T06:18:07","modified_gmt":"2025-10-10T06:18:07","slug":"apf-holdings-ievies-jaunu-investoru-lojalitates-programmu-dienas-bizness","status":"publish","type":"post","link":"https:\/\/www.europesays.com\/lv\/17396\/","title":{"rendered":"APF Holdings ievie\u0161 jaunu investoru lojalit\u0101tes programmu :: Dienas Bizness"},"content":{"rendered":"<p class=\"text-font font-size--text-xlarge margin-3--bottom font-weight--bold padding-1--top\">Uz\u0146\u0113mumu grupa \u201cAPF Holdings\u201d (kot\u0113ta Nasdaq Riga First North: EGG), uzs\u0101k jaunu investoru lojalit\u0101tes programmu.<\/p>\n<p class=\"text-font font-size--text-xlarge margin-3--bottom\">T\u0101 izstr\u0101d\u0101ta ar m\u0113r\u0137i stiprin\u0101t uz\u0146\u0113muma un t\u0101 ieguld\u012bt\u0101ju ilgtermi\u0146a sadarb\u012bbu, sniedzot praktisku pievienoto v\u0113rt\u012bbu &#8211; iesp\u0113ju tuv\u0101k iepaz\u012bt uz\u0146\u0113muma premium klases vesel\u012bg\u0101 uztura un inov\u0101ciju z\u012bmolu \u201cFiteg2\u201d.<\/p>\n<p class=\"text-font font-size--text-xlarge margin-3--bottom\">Jurijs Adamovi\u010ds, \u201cAPF Holdings\u201d dibin\u0101t\u0101js un valdes priek\u0161s\u0113d\u0113t\u0101js: \u201cTie\u0161i 10. oktobr\u012b &#8211; Starptautiskaj\u0101 Olu dien\u0101 &#8211; pirms diviem gadiem \u201cAPF Holdings\u201d s\u0101ka savu publisko ce\u013cu, kot\u0113jot akcijas bir\u017e\u0101 Nasdaq Riga. \u0160odien, \u0161aj\u0101 simboliskaj\u0101 datum\u0101, speram n\u0101kamo soli pret\u012b akcion\u0101riem, ievie\u0161ot investoru lojalit\u0101tes programmu &#8211; m\u016bsu pateic\u012bbu par uztic\u012bbu un ieguld\u012bjumu uz\u0146\u0113muma att\u012bst\u012bb\u0101. K\u0101 zin\u0101ms &#8211; ilgtsp\u0113j\u012bga p\u0101rtikas ra\u017eo\u0161ana un izpratne par olas noz\u012bmi sabalans\u0113t\u0101 uztur\u0101 ir m\u016bsu p\u0101rliec\u012bbas kodols. Bet ar \u201cFiteg\u00b2\u201d m\u0113s apliecin\u0101m, ka ola ir ne tikai pilnv\u0113rt\u012bgs dabas produkts, bet ar\u012b iedvesma moderniem, vesel\u012bbu stiprino\u0161iem risin\u0101jumiem. T\u0101p\u0113c esmu p\u0101rliecin\u0101ts, ka investori nov\u0113rt\u0113s jaun\u0101s programmas sniegt\u0101s priek\u0161roc\u012bbas un iesp\u0113ju vistie\u0161\u0101kaj\u0101 veid\u0101 izgar\u0161ot, ko noz\u012bm\u0113 b\u016bt da\u013cai no \u201cAPF Holdings\u201d.\u201d<\/p>\n<p class=\"text-font font-size--text-xlarge margin-3--bottom\">\u201cFiteg\u00b2\u201d ir \u201cAPF Holdings\u201d rad\u012bts vesel\u012bga uztura un inov\u0101ciju z\u012bmols, kas pal\u012bdz cilv\u0113kiem p\u0101rvar\u0113t laika rad\u012btos izaicin\u0101jumus, stiprinot gan fizisko, gan gar\u012bgo notur\u012bbu.<\/p>\n<p class=\"text-font font-size--text-xlarge margin-3--bottom\">Z\u012bmola produkti apvieno augstv\u0113rt\u012bgas olu izcelsmes sast\u0101vda\u013cas, zin\u0101tnisku pieeju un dabisku sast\u0101vu, radot uztura risin\u0101jumus m\u016bsdienu akt\u012bviem cilv\u0113kiem. \u201cFiteg\u00b2\u201d kl\u0101st\u0101 ietilpst olu baltuma prote\u012bns, olu baltuma prote\u012bna batoni\u0146i un kolag\u0113ns no olu membr\u0101nas \u2013 tr\u012bs produktu kategorijas.<\/p>\n<p class=\"text-font font-size--text-xlarge margin-3--bottom\">Programma paredz tr\u012bs dal\u012bbas l\u012bme\u0146us \u2013 Bronza, Zelts un Plat\u012bns, un ieguvumi pieaug l\u012bdz ar investora ieguld\u012bjuma apm\u0113ru un l\u012bdzdal\u012bbas ilgumu.<\/p>\n<p class=\"text-font font-size--text-xlarge margin-3--bottom\">Galvenie ieguvumi: L\u012bdz 20 % atlaide visiem pirkumiem e-veikal\u0101 www.fiteg2.com. Pieeja \u201cFiteg\u00b2\u201d ceturk\u0161\u0146a jaunumiem par vesel\u012bgu uzturu un dz\u012bvesveidu, kas taps sadarb\u012bb\u0101 ar pieredz\u0113ju\u0161ajiem jomu ekspertiem. Iesp\u0113ja pirmajiem izm\u0113\u0123in\u0101t jaunos produktus. Tuv\u0101k\u0101 jaunumu pirmizr\u0101de sagaid\u0101ma jau oktobra laik\u0101, bet 2026. gad\u0101 &#8211; \u201cFiteg\u00b2\u201d tiks rad\u012bti jauni produkti gan eso\u0161o, gan pavisam jaunu produktu kategoriju ietvaros. Iel\u016bgums uz ikgad\u0113jo \u201cAPF Holdings\u201d p\u0113tniec\u012bbas un att\u012bst\u012bbas komandas pas\u0101kumu \u201cFiteg\u00b2 Inov\u0101ciju laboratorija\u201d.<\/p>\n<p>Skat\u012bties p\u0101r\u0113jos att\u0113lus<\/p>\n","protected":false},"excerpt":{"rendered":"Uz\u0146\u0113mumu grupa \u201cAPF Holdings\u201d (kot\u0113ta Nasdaq Riga First North: EGG), uzs\u0101k jaunu investoru lojalit\u0101tes programmu. T\u0101 izstr\u0101d\u0101ta ar&hellip;\n","protected":false},"author":2,"featured_media":17397,"comment_status":"","ping_status":"","sticky":false,"template":"","format":"standard","meta":{"footnotes":""},"categories":[16],"tags":[869,77,870,76,867,35,39,38,36,37,34,871,868,40,21],"class_list":{"0":"post-17396","1":"post","2":"type-post","3":"status-publish","4":"format-standard","5":"has-post-thumbnail","7":"category-bizness","8":"tag-biznesa-zinas","9":"tag-bizness","10":"tag-bizness-latvija","11":"tag-business","12":"tag-dienas-zinas","13":"tag-latvia","14":"tag-latvian","15":"tag-latviesu","16":"tag-latviesu-valoda","17":"tag-latviesuvaloda","18":"tag-latvija","19":"tag-latvijas-biznesa-zinas","20":"tag-latvijas-zinas","21":"tag-lv","22":"tag-zinas"},"share_on_mastodon":{"url":"","error":""},"_links":{"self":[{"href":"https:\/\/www.europesays.com\/lv\/wp-json\/wp\/v2\/posts\/17396","targetHints":{"allow":["GET"]}}],"collection":[{"href":"https:\/\/www.europesays.com\/lv\/wp-json\/wp\/v2\/posts"}],"about":[{"href":"https:\/\/www.europesays.com\/lv\/wp-json\/wp\/v2\/types\/post"}],"author":[{"embeddable":true,"href":"https:\/\/www.europesays.com\/lv\/wp-json\/wp\/v2\/users\/2"}],"replies":[{"embeddable":true,"href":"https:\/\/www.europesays.com\/lv\/wp-json\/wp\/v2\/comments?post=17396"}],"version-history":[{"count":0,"href":"https:\/\/www.europesays.com\/lv\/wp-json\/wp\/v2\/posts\/17396\/revisions"}],"wp:featuredmedia":[{"embeddable":true,"href":"https:\/\/www.europesays.com\/lv\/wp-json\/wp\/v2\/media\/17397"}],"wp:attachment":[{"href":"https:\/\/www.europesays.com\/lv\/wp-json\/wp\/v2\/media?parent=17396"}],"wp:term":[{"taxonomy":"category","embeddable":true,"href":"https:\/\/www.europesays.com\/lv\/wp-json\/wp\/v2\/categories?post=17396"},{"taxonomy":"post_tag","embeddable":true,"href":"https:\/\/www.europesays.com\/lv\/wp-json\/wp\/v2\/tags?post=17396"}],"curies":[{"name":"wp","href":"https:\/\/api.w.org\/{rel}","templated":true}]}}