{"id":17405,"date":"2025-10-10T06:25:07","date_gmt":"2025-10-10T06:25:07","guid":{"rendered":"https:\/\/www.europesays.com\/lv\/17405\/"},"modified":"2025-10-10T06:25:07","modified_gmt":"2025-10-10T06:25:07","slug":"video-%e2%9f%a9-filipinas-skarusi-76-magnitudu-zemestrice","status":"publish","type":"post","link":"https:\/\/www.europesays.com\/lv\/17405\/","title":{"rendered":"VIDEO \u27e9 Filip\u012bnas sk\u0101rusi 7,6 magnit\u016bdu zemestr\u012bce"},"content":{"rendered":"<p>Filip\u012bnu Vulkanolo\u0123ijas un seismolo\u0123ijas instit\u016bts pazi\u0146oja, ka sagaida post\u012bjumus un p\u0113cgr\u016bdienus p\u0113c zemestr\u012bces, kuras centrs bija j\u016br\u0101 aptuveni 62 kilometrus uz dienvidaustrumiem no Manajas.<\/p>\n<p>Klus\u0101 oke\u0101na Cunami br\u012bdin\u0101juma centrs Honolulu pazi\u0146oja, ka 300 kilometru att\u0101lum\u0101 no zemestr\u012bces epicentra iesp\u0113jami b\u012bstami vi\u013c\u0146i, da\u017e\u0101s viet\u0101s l\u012bdz pat trim metriem augsti. Indon\u0113zij\u0101 un Palau iesp\u0113jami maz\u0101ki vi\u013c\u0146i.<\/p>\n<blockquote class=\"twitter-tweet\" data-media-max-width=\"560\">\n<p lang=\"en\" dir=\"ltr\">A magnitude 7.4 earthquake struck off the coast of the Philippines. A tsunami warning has been issued, with waves ranging from 1 to 3 meters high expected in some coastal areas. <a href=\"https:\/\/t.co\/bN48RU4cAB\" rel=\"nofollow\">pic.twitter.com\/bN48RU4cAB<\/a><\/p>\n<p>\u2014 Vijesti (@Vijesti11111) <a href=\"https:\/\/twitter.com\/Vijesti11111\/status\/1976516810087268464?ref_src=twsrc%5Etfw\" rel=\"nofollow noopener\" target=\"_blank\">October 10, 2025<\/a><\/p><\/blockquote>\n<p>Filip\u012bnu Civil\u0101s aizsardz\u012bbas birojs br\u012bdin\u0101ja, ka cunami vi\u013c\u0146i var skart se\u0161as piekrastes provinces, un aicin\u0101ja cilv\u0113kus no piekrastes teritorij\u0101m nekav\u0113joties p\u0101rvietoties uz augst\u0101k\u0101m viet\u0101m vai t\u0101l\u0101k iek\u0161zem\u0113.<\/p>\n<p>Filip\u012bnas v\u0113l nav atguvu\u0161\u0101s no 30. septembr\u012b notiku\u0161\u0101s 6,9 magnit\u016bdu zemestr\u012bces, kur\u0101 g\u0101ja boj\u0101 vismaz 74 cilv\u0113ki.<\/p>\n<p><script async src=\"https:\/\/platform.twitter.com\/widgets.js\" charset=\"utf-8\"><\/script><\/p>\n","protected":false},"excerpt":{"rendered":"Filip\u012bnu Vulkanolo\u0123ijas un seismolo\u0123ijas instit\u016bts pazi\u0146oja, ka sagaida post\u012bjumus un p\u0113cgr\u016bdienus p\u0113c zemestr\u012bces, kuras centrs bija j\u016br\u0101 aptuveni&hellip;\n","protected":false},"author":2,"featured_media":17406,"comment_status":"","ping_status":"","sticky":false,"template":"","format":"standard","meta":{"footnotes":""},"categories":[14],"tags":[23,57,63,28,29,1153,32,33,22,5777,30,31,35,39,38,36,37,34,40,20,26,27,24,25,54,55,56,21,58],"class_list":{"0":"post-17405","1":"post","2":"type-post","3":"status-publish","4":"format-standard","5":"has-post-thumbnail","7":"category-zinas-no-arvalstim","8":"tag-aktualitates","9":"tag-arvalstim","10":"tag-arvalstis","11":"tag-breaking-news","12":"tag-breakingnews","13":"tag-daba","14":"tag-featured-news","15":"tag-featurednews","16":"tag-headlines","17":"tag-katastrofa","18":"tag-latest-news","19":"tag-latestnews","20":"tag-latvia","21":"tag-latvian","22":"tag-latviesu","23":"tag-latviesu-valoda","24":"tag-latviesuvaloda","25":"tag-latvija","26":"tag-lv","27":"tag-news","28":"tag-popularakas-zinas","29":"tag-popularakaszinas","30":"tag-top-stories","31":"tag-topstories","32":"tag-world","33":"tag-world-news","34":"tag-worldnews","35":"tag-zinas","36":"tag-zinas-no-arvalstim"},"share_on_mastodon":{"url":"","error":""},"_links":{"self":[{"href":"https:\/\/www.europesays.com\/lv\/wp-json\/wp\/v2\/posts\/17405","targetHints":{"allow":["GET"]}}],"collection":[{"href":"https:\/\/www.europesays.com\/lv\/wp-json\/wp\/v2\/posts"}],"about":[{"href":"https:\/\/www.europesays.com\/lv\/wp-json\/wp\/v2\/types\/post"}],"author":[{"embeddable":true,"href":"https:\/\/www.europesays.com\/lv\/wp-json\/wp\/v2\/users\/2"}],"replies":[{"embeddable":true,"href":"https:\/\/www.europesays.com\/lv\/wp-json\/wp\/v2\/comments?post=17405"}],"version-history":[{"count":0,"href":"https:\/\/www.europesays.com\/lv\/wp-json\/wp\/v2\/posts\/17405\/revisions"}],"wp:featuredmedia":[{"embeddable":true,"href":"https:\/\/www.europesays.com\/lv\/wp-json\/wp\/v2\/media\/17406"}],"wp:attachment":[{"href":"https:\/\/www.europesays.com\/lv\/wp-json\/wp\/v2\/media?parent=17405"}],"wp:term":[{"taxonomy":"category","embeddable":true,"href":"https:\/\/www.europesays.com\/lv\/wp-json\/wp\/v2\/categories?post=17405"},{"taxonomy":"post_tag","embeddable":true,"href":"https:\/\/www.europesays.com\/lv\/wp-json\/wp\/v2\/tags?post=17405"}],"curies":[{"name":"wp","href":"https:\/\/api.w.org\/{rel}","templated":true}]}}