{"id":17407,"date":"2025-10-10T06:26:08","date_gmt":"2025-10-10T06:26:08","guid":{"rendered":"https:\/\/www.europesays.com\/lv\/17407\/"},"modified":"2025-10-10T06:26:08","modified_gmt":"2025-10-10T06:26:08","slug":"ekskluzivi-tvnet-%e2%9f%a9-eiropas-parlamenta-prezidente-metsola-vajadzeja-latvija-ieklausities-agrak","status":"publish","type":"post","link":"https:\/\/www.europesays.com\/lv\/17407\/","title":{"rendered":"EKSKLUZ\u012aVI TVNET \u27e9 Eiropas Parlamenta prezidente Metsola: Vajadz\u0113ja Latvij\u0101 ieklaus\u012bties agr\u0101k"},"content":{"rendered":"<p>&#8211; Dro\u0161\u012bba un <a href=\"https:\/\/www.tvnet.lv\/term\/555800\/aizsardziba\" class=\"topicLink\" target=\"_blank\" rel=\"nofollow noopener\">aizsardz\u012bba<\/a> ir non\u0101kusi ES aktu\u0101lo jaut\u0101jumu lok\u0101 &#8211; t\u0101 ir liela p\u0101rmai\u0146a kop\u0161 Krievijas pilna m\u0113roga iebrukuma Ukrain\u0101 2022. gad\u0101. Vai varat ieskic\u0113t galven\u0101s iniciat\u012bvas, ko Parlaments pa\u0161laik \u012bsteno dro\u0161\u012bbas un aizsardz\u012bbas jom\u0101?<\/p>\n<p>&#8211; Jums taisn\u012bba, mums vajadz\u0113ja j\u016bsos ieklaus\u012bties agr\u0101k. Gadiem ilgi <a href=\"https:\/\/www.tvnet.lv\/term\/555432\/latvija\" class=\"topicLink\" target=\"_blank\" rel=\"nofollow noopener\">Latvija<\/a>, Igaunija, Lietuva, Polija, Somija \u2013 j\u016bs visi m\u016bs br\u012bdin\u0101j\u0101t par to, kas gaid\u0101ms.\u00a0<\/p>\n","protected":false},"excerpt":{"rendered":"&#8211; Dro\u0161\u012bba un aizsardz\u012bba ir non\u0101kusi ES aktu\u0101lo jaut\u0101jumu lok\u0101 &#8211; t\u0101 ir liela p\u0101rmai\u0146a kop\u0161 Krievijas pilna&hellip;\n","protected":false},"author":2,"featured_media":17408,"comment_status":"","ping_status":"","sticky":false,"template":"","format":"standard","meta":{"footnotes":""},"categories":[12],"tags":[1546,23,722,28,29,427,5688,514,32,33,22,30,31,35,39,38,36,37,34,40,20,26,27,5778,24,25,2238,21],"class_list":{"0":"post-17407","1":"post","2":"type-post","3":"status-publish","4":"format-standard","5":"has-post-thumbnail","7":"category-latvija","8":"tag-aizsardziba","9":"tag-aktualitates","10":"tag-baltijas-valstis","11":"tag-breaking-news","12":"tag-breakingnews","13":"tag-eiropa","14":"tag-eiropas-parlaments","15":"tag-eiropas-savieniba","16":"tag-featured-news","17":"tag-featurednews","18":"tag-headlines","19":"tag-latest-news","20":"tag-latestnews","21":"tag-latvia","22":"tag-latvian","23":"tag-latviesu","24":"tag-latviesu-valoda","25":"tag-latviesuvaloda","26":"tag-latvija","27":"tag-lv","28":"tag-news","29":"tag-popularakas-zinas","30":"tag-popularakaszinas","31":"tag-roberta-metsola","32":"tag-top-stories","33":"tag-topstories","34":"tag-tvnet-arvalstis","35":"tag-zinas"},"share_on_mastodon":{"url":"","error":""},"_links":{"self":[{"href":"https:\/\/www.europesays.com\/lv\/wp-json\/wp\/v2\/posts\/17407","targetHints":{"allow":["GET"]}}],"collection":[{"href":"https:\/\/www.europesays.com\/lv\/wp-json\/wp\/v2\/posts"}],"about":[{"href":"https:\/\/www.europesays.com\/lv\/wp-json\/wp\/v2\/types\/post"}],"author":[{"embeddable":true,"href":"https:\/\/www.europesays.com\/lv\/wp-json\/wp\/v2\/users\/2"}],"replies":[{"embeddable":true,"href":"https:\/\/www.europesays.com\/lv\/wp-json\/wp\/v2\/comments?post=17407"}],"version-history":[{"count":0,"href":"https:\/\/www.europesays.com\/lv\/wp-json\/wp\/v2\/posts\/17407\/revisions"}],"wp:featuredmedia":[{"embeddable":true,"href":"https:\/\/www.europesays.com\/lv\/wp-json\/wp\/v2\/media\/17408"}],"wp:attachment":[{"href":"https:\/\/www.europesays.com\/lv\/wp-json\/wp\/v2\/media?parent=17407"}],"wp:term":[{"taxonomy":"category","embeddable":true,"href":"https:\/\/www.europesays.com\/lv\/wp-json\/wp\/v2\/categories?post=17407"},{"taxonomy":"post_tag","embeddable":true,"href":"https:\/\/www.europesays.com\/lv\/wp-json\/wp\/v2\/tags?post=17407"}],"curies":[{"name":"wp","href":"https:\/\/api.w.org\/{rel}","templated":true}]}}