{"id":17451,"date":"2025-10-10T07:14:09","date_gmt":"2025-10-10T07:14:09","guid":{"rendered":"https:\/\/www.europesays.com\/lv\/17451\/"},"modified":"2025-10-10T07:14:09","modified_gmt":"2025-10-10T07:14:09","slug":"piastri-apsver-pievienosanos-ferrari-motoru-sports-sportacentrs-com","status":"publish","type":"post","link":"https:\/\/www.europesays.com\/lv\/17451\/","title":{"rendered":"Piastri apsver pievieno\u0161anos &#8220;Ferrari&#8221; \u2013 Motoru sports \u2013 Sportacentrs.com"},"content":{"rendered":"<p>Zi\u0146as par iesp\u0113jamo p\u0101reju izskan\u0113ja neilgi p\u0113c Singap\u016bras GP, kur Piastri piedz\u012bvoja vil\u0161anos gan tras\u0113 c\u012b\u0146\u0101 ar komandas biedru Lando Norisu, gan komandas l\u0113mumu d\u0113\u013c. Pirmaj\u0101 apl\u012b notika neliels kontakts starp ab\u0101m &#8220;McLaren&#8221; ma\u0161\u012bn\u0101m, p\u0113c k\u0101 pilots tika spiests izbraukt l\u012bkumu pla\u0161\u0101k un zaud\u0113ja poz\u012bciju Norisam. Piastri pauda neapmierin\u0101t\u012bbu par to, ka komanda ne\u013c\u0101va main\u012bties viet\u0101m, lai atg\u016btu zaud\u0113to poz\u012bciju.<\/p>\n<p>Tas nebija pirmais gad\u012bjums, kad Piastri izjuta neapmierin\u0101t\u012bbu ar komandas taktiku. It\u0101lijas GP posm\u0101 Monc\u0101 vi\u0146am tika pav\u0113l\u0113ts palaist gar\u0101m Norisu p\u0113c tam, kad meh\u0101ni\u0137i bija aizkav\u0113ju\u0161ies ar britu pilota formulu pitstop\u0101, lai gan pie t\u0101 nebija vainojams pats Piastri.<\/p>\n<p>Komandas vad\u012bt\u0101js Andrea Stella p\u0113c Singap\u016bras sacens\u012bb\u0101m skaidroja, ka \u0161\u0101da atkl\u0101t\u012bba no Piastri puses nav negat\u012bvi v\u0113rt\u0113jama. &#8220;Protams, Oskars izteic\u0101s diezgan tie\u0161i, kam\u0113r v\u0113l bija ma\u0161\u012bn\u0101. Bet tie\u0161i t\u0101ds raksturs mums ir vajadz\u012bgs no pilotiem,&#8221; koment\u0113ja Stella. T\u0101pat komandas boss piebilda, ka nov\u0113rt\u0113 vi\u0146a tie\u0161umu un sportisk\u0101 gara izpausmes.<\/p>\n<p>Soci\u0101lajos t\u012bklos v\u0113l\u0101k par\u0101d\u012bj\u0101s video, kur redzams, k\u0101 Piastri p\u0101rtrauc komandas izpilddirektoru Zaku Braunu radio sarunas laik\u0101, izraujot vadu. V\u0113l\u0101k gan tika preciz\u0113ts, ka vi\u0146\u0161 to izdar\u012bjis, pirms Brauns s\u0101ka run\u0101t. T\u0101pat brauc\u0113js nebija redzams komandas svin\u012bb\u0101s p\u0113c tam, kad &#8220;McLaren&#8221; nodro\u0161in\u0101ja savu otro Konstruktoru kausu p\u0113c k\u0101rtas. Ar\u012b \u0161eit bija izskaidrojums. Sportists tobr\u012bd pild\u012bja mediju pien\u0101kumus un uz komandas kop\u012bgu fotograf\u0113\u0161anos ierad\u0101s p\u0113c tam.<\/p>\n<p>Tikm\u0113r &#8220;Ferrari&#8221; \u0161aj\u0101 sezon\u0101 piedz\u012bvo sare\u017e\u0123\u012btus laikus. Komanda nu jau regul\u0101ri nesp\u0113j c\u012bn\u012bties par pjedest\u0101liem. Hamiltona p\u0101reja no &#8220;Mercedes&#8221; pagaid\u0101m nav nesusi cer\u0113tos pan\u0101kumus, bet &#8220;Ferrari&#8221; vad\u012bba, p\u0113c visa sprie\u017eot, jau raug\u0101s n\u0101kotn\u0113. Un Piastri var\u0113tu b\u016bt viens no tiem, kas var\u0113tu iez\u012bm\u0113t n\u0101kamo paaudzi le\u0123end\u0101raj\u0101 komand\u0101.<\/p>\n<p>Izmantotie resursi:<br \/><a target=\"_blank\" href=\"http:\/\/www.f1.lv\" rel=\"nofollow noopener\">S\u0101kumlapa : F1LV Blogs<\/a><\/p>\n","protected":false},"excerpt":{"rendered":"Zi\u0146as par iesp\u0113jamo p\u0101reju izskan\u0113ja neilgi p\u0113c Singap\u016bras GP, kur Piastri piedz\u012bvoja vil\u0161anos gan tras\u0113 c\u012b\u0146\u0101 ar komandas&hellip;\n","protected":false},"author":2,"featured_media":17452,"comment_status":"","ping_status":"","sticky":false,"template":"","format":"standard","meta":{"footnotes":""},"categories":[17],"tags":[35,39,38,36,37,34,40,165,67],"class_list":{"0":"post-17451","1":"post","2":"type-post","3":"status-publish","4":"format-standard","5":"has-post-thumbnail","7":"category-sports","8":"tag-latvia","9":"tag-latvian","10":"tag-latviesu","11":"tag-latviesu-valoda","12":"tag-latviesuvaloda","13":"tag-latvija","14":"tag-lv","15":"tag-motoru-sports","16":"tag-sports"},"share_on_mastodon":{"url":"","error":""},"_links":{"self":[{"href":"https:\/\/www.europesays.com\/lv\/wp-json\/wp\/v2\/posts\/17451","targetHints":{"allow":["GET"]}}],"collection":[{"href":"https:\/\/www.europesays.com\/lv\/wp-json\/wp\/v2\/posts"}],"about":[{"href":"https:\/\/www.europesays.com\/lv\/wp-json\/wp\/v2\/types\/post"}],"author":[{"embeddable":true,"href":"https:\/\/www.europesays.com\/lv\/wp-json\/wp\/v2\/users\/2"}],"replies":[{"embeddable":true,"href":"https:\/\/www.europesays.com\/lv\/wp-json\/wp\/v2\/comments?post=17451"}],"version-history":[{"count":0,"href":"https:\/\/www.europesays.com\/lv\/wp-json\/wp\/v2\/posts\/17451\/revisions"}],"wp:featuredmedia":[{"embeddable":true,"href":"https:\/\/www.europesays.com\/lv\/wp-json\/wp\/v2\/media\/17452"}],"wp:attachment":[{"href":"https:\/\/www.europesays.com\/lv\/wp-json\/wp\/v2\/media?parent=17451"}],"wp:term":[{"taxonomy":"category","embeddable":true,"href":"https:\/\/www.europesays.com\/lv\/wp-json\/wp\/v2\/categories?post=17451"},{"taxonomy":"post_tag","embeddable":true,"href":"https:\/\/www.europesays.com\/lv\/wp-json\/wp\/v2\/tags?post=17451"}],"curies":[{"name":"wp","href":"https:\/\/api.w.org\/{rel}","templated":true}]}}