{"id":17478,"date":"2025-10-10T08:00:08","date_gmt":"2025-10-10T08:00:08","guid":{"rendered":"https:\/\/www.europesays.com\/lv\/17478\/"},"modified":"2025-10-10T08:00:08","modified_gmt":"2025-10-10T08:00:08","slug":"valsts-budzeta-deficits-nakamgad-planots-33-apmera-no-ikp","status":"publish","type":"post","link":"https:\/\/www.europesays.com\/lv\/17478\/","title":{"rendered":"Valsts bud\u017eeta defic\u012bts n\u0101kamgad pl\u0101nots 3,3% apm\u0113r\u0101 no IKP"},"content":{"rendered":"<p>Vi\u0146\u0161 inform\u0113ja, ka valsts konsolid\u0113t\u0101 kopbud\u017eeta izdevumi 2026. gad\u0101 pl\u0101noti 17,945 miljardu eiro apm\u0113r\u0101, savuk\u0101rt bud\u017eeta ie\u0146\u0113mumi pl\u0101noti 16,064 miljardu eiro apm\u0113r\u0101.<\/p>\n<p>Taj\u0101 pa\u0161\u0101 laik\u0101 Latvijas IKP 2026. gad\u0101 pl\u0101nots 43,953 miljardu eiro apm\u0113r\u0101.<\/p>\n<p>Paredz\u0113ts, ka valsts par\u0101ds n\u0101kamgad nep\u0101rsniegs 55% no IKP.<\/p>\n<p>A\u0161eradens uzsv\u0113ra, ka visp\u0101r\u0113j\u0101s vald\u012bbas izdevumi n\u0101kamgad samazin\u0101sies l\u012bdz 47% no IKP sal\u012bdzin\u0101jum\u0101 ar 47,5% no IKP \u0161ogad. Vienlaikus, samazinoties kop\u0113jiem izdevumiem, pieaugs izdevumi aizsardz\u012bbai.<\/p>\n<p>T\u0101pat A\u0161eradens nor\u0101d\u012bja, ka n\u0101kamgad izdevumi pieaugs \u010detr\u0101m ministrij\u0101m, bet vis\u0101m p\u0101r\u0113j\u0101m izdevumi samazin\u0101sies.<\/p>\n<p>Kopum\u0101 izdevumi n\u0101kamgad samazin\u0101ti par 171 miljonu eiro. Priorit\u0101rajiem pas\u0101kumiem atv\u0113l\u0113ti 693,5 miljoni eiro, tostarp 448,3 miljoni eiro &#8211; aizsardz\u012bbai un dro\u0161\u012bbai.<\/p>\n","protected":false},"excerpt":{"rendered":"Vi\u0146\u0161 inform\u0113ja, ka valsts konsolid\u0113t\u0101 kopbud\u017eeta izdevumi 2026. gad\u0101 pl\u0101noti 17,945 miljardu eiro apm\u0113r\u0101, savuk\u0101rt bud\u017eeta ie\u0146\u0113mumi pl\u0101noti&hellip;\n","protected":false},"author":2,"featured_media":17479,"comment_status":"","ping_status":"","sticky":false,"template":"","format":"standard","meta":{"footnotes":""},"categories":[5],"tags":[23,3025,28,29,5793,32,33,22,30,31,35,39,38,36,37,34,40,20,26,27,24,25,331,21],"class_list":{"0":"post-17478","1":"post","2":"type-post","3":"status-publish","4":"format-standard","5":"has-post-thumbnail","7":"category-aktualitates","8":"tag-aktualitates","9":"tag-arvils-aseradens","10":"tag-breaking-news","11":"tag-breakingnews","12":"tag-budzeta-deficits","13":"tag-featured-news","14":"tag-featurednews","15":"tag-headlines","16":"tag-latest-news","17":"tag-latestnews","18":"tag-latvia","19":"tag-latvian","20":"tag-latviesu","21":"tag-latviesu-valoda","22":"tag-latviesuvaloda","23":"tag-latvija","24":"tag-lv","25":"tag-news","26":"tag-popularakas-zinas","27":"tag-popularakaszinas","28":"tag-top-stories","29":"tag-topstories","30":"tag-valsts-budzets","31":"tag-zinas"},"share_on_mastodon":{"url":"","error":""},"_links":{"self":[{"href":"https:\/\/www.europesays.com\/lv\/wp-json\/wp\/v2\/posts\/17478","targetHints":{"allow":["GET"]}}],"collection":[{"href":"https:\/\/www.europesays.com\/lv\/wp-json\/wp\/v2\/posts"}],"about":[{"href":"https:\/\/www.europesays.com\/lv\/wp-json\/wp\/v2\/types\/post"}],"author":[{"embeddable":true,"href":"https:\/\/www.europesays.com\/lv\/wp-json\/wp\/v2\/users\/2"}],"replies":[{"embeddable":true,"href":"https:\/\/www.europesays.com\/lv\/wp-json\/wp\/v2\/comments?post=17478"}],"version-history":[{"count":0,"href":"https:\/\/www.europesays.com\/lv\/wp-json\/wp\/v2\/posts\/17478\/revisions"}],"wp:featuredmedia":[{"embeddable":true,"href":"https:\/\/www.europesays.com\/lv\/wp-json\/wp\/v2\/media\/17479"}],"wp:attachment":[{"href":"https:\/\/www.europesays.com\/lv\/wp-json\/wp\/v2\/media?parent=17478"}],"wp:term":[{"taxonomy":"category","embeddable":true,"href":"https:\/\/www.europesays.com\/lv\/wp-json\/wp\/v2\/categories?post=17478"},{"taxonomy":"post_tag","embeddable":true,"href":"https:\/\/www.europesays.com\/lv\/wp-json\/wp\/v2\/tags?post=17478"}],"curies":[{"name":"wp","href":"https:\/\/api.w.org\/{rel}","templated":true}]}}