{"id":17494,"date":"2025-10-10T08:12:13","date_gmt":"2025-10-10T08:12:13","guid":{"rendered":"https:\/\/www.europesays.com\/lv\/17494\/"},"modified":"2025-10-10T08:12:13","modified_gmt":"2025-10-10T08:12:13","slug":"virs-brivibas-pieminekla-sodien-bus-redzami-iznicinataji","status":"publish","type":"post","link":"https:\/\/www.europesays.com\/lv\/17494\/","title":{"rendered":"Virs Br\u012bv\u012bbas pieminek\u013ca \u0161odien b\u016bs redzami izn\u012bcin\u0101t\u0101ji"},"content":{"rendered":"<p>R\u012bg\u0101 virs Br\u012bv\u012bbas pieminek\u013ca piektdien ap plkst. 11 b\u016bs redzami Kan\u0101das izn\u012bcin\u0101t\u0101ji &#8220;CF-18&#8221;, inform\u0113ja Aizsardz\u012bbas ministrij\u0101.<\/p>\n<p>Ceturtdien, demonstr\u0113jot NATO kl\u0101tb\u016btni re\u0123ion\u0101, milit\u0101raj\u0101 b\u0101z\u0113 Lielv\u0101rd\u0113 ierad\u0101s divi Kan\u0101das Karalisko Gaisa sp\u0113ku izn\u012bcin\u0101t\u0101ji &#8220;CF-18&#8221;, apliecinot Kan\u0101das ieguld\u012bjumu Latvijas un NATO austruma flanga dro\u0161\u012bb\u0101. Kan\u0101das izn\u012bcin\u0101t\u0101ji &#8220;CF-18&#8221; Latvij\u0101 izvietoti atbilsto\u0161i Apvienoto rea\u0123\u0113\u0161anas sp\u0113ku m\u0101c\u012bb\u0101m &#8220;Tarassis&#8221;.<\/p>\n<p>Piektdien izn\u012bcin\u0101t\u0101ji veiks p\u0101rlidojumu virs R\u012bgas. P\u0101rlidojuma laiks var main\u012bties atkar\u012bb\u0101 no laika apst\u0101k\u013ciem vai operat\u012bvaj\u0101m pras\u012bb\u0101m, inform\u0113 ministrij\u0101.<\/p>\n<p>Jau zi\u0146ots, ka septembr\u012b un oktobr\u012b Latvij\u0101 notiek starptautisk\u0101s m\u0101c\u012bbas &#8220;Tarassis&#8221;, kur\u0101s l\u012bdz\u0101s Apvienoto rea\u0123\u0113\u0161anas sp\u0113ku dal\u012bbvalst\u012bm &#8211; Lielbrit\u0101nijai, D\u0101nijai, Igaunijai, Latvijai, Lietuvai, N\u012bderlandei, Norv\u0113\u0123ijai, Somijai, Zviedrijai un Islandei &#8211; piedal\u0101s ar\u012b Kan\u0101das bru\u0146otie sp\u0113ki. <\/p>\n<p>M\u0101c\u012bbas apvieno virkni milit\u0101ro aktivit\u0101\u0161u, lai demonstr\u0113tu Apvienoto rea\u0123\u0113\u0161anas sp\u0113ku sp\u0113ju r\u012bkoties vienoti, rea\u0123\u0113jot uz re\u0123ion\u0101l\u0101s dro\u0161\u012bbas apdraud\u0113jumiem. &#8220;Tarassis&#8221; ir l\u012bdz \u0161im v\u0113rien\u012bg\u0101k\u0101s Apvienoto rea\u0123\u0113\u0161anas sp\u0113ku m\u0101c\u012bbas kop\u0161 to izveides.<\/p>\n<p><img decoding=\"async\" src=\"https:\/\/www.europesays.com\/lv\/wp-content\/uploads\/2025\/10\/9fce6d765e5754bab0f43aceb74be370.jpg\" title=\"Kan\u0101das izn\u012bcin\u0101t\u0101ji &quot;CF-18&quot;. Foto: scanpix\/REUTERS\/Pascal Ratthe\" alt=\"Kan\u0101das izn\u012bcin\u0101t\u0101ji &quot;CF-18&quot;. Foto: scanpix\/REUTERS\/Pascal Ratthe\"\/><\/p>\n<p class=\"article-img-desc\">Kan\u0101das izn\u012bcin\u0101t\u0101ji &#8220;CF-18&#8221;. Foto: scanpix\/REUTERS\/Pascal Ratthe<\/p>\n","protected":false},"excerpt":{"rendered":"R\u012bg\u0101 virs Br\u012bv\u012bbas pieminek\u013ca piektdien ap plkst. 11 b\u016bs redzami Kan\u0101das izn\u012bcin\u0101t\u0101ji &#8220;CF-18&#8221;, inform\u0113ja Aizsardz\u012bbas ministrij\u0101. Ceturtdien, demonstr\u0113jot&hellip;\n","protected":false},"author":2,"featured_media":17495,"comment_status":"","ping_status":"","sticky":false,"template":"","format":"standard","meta":{"footnotes":""},"categories":[5],"tags":[129,2802,2103,23,28,29,32,33,22,30,31,35,39,38,36,37,34,40,20,26,27,2803,2104,2804,2105,24,25,21],"class_list":{"0":"post-17494","1":"post","2":"type-post","3":"status-publish","4":"format-standard","5":"has-post-thumbnail","7":"category-aktualitates","8":"tag-__typenameadvicekeyword","9":"tag-id1213","10":"tag-id651","11":"tag-aktualitates","12":"tag-breaking-news","13":"tag-breakingnews","14":"tag-featured-news","15":"tag-featurednews","16":"tag-headlines","17":"tag-latest-news","18":"tag-latestnews","19":"tag-latvia","20":"tag-latvian","21":"tag-latviesu","22":"tag-latviesu-valoda","23":"tag-latviesuvaloda","24":"tag-latvija","25":"tag-lv","26":"tag-news","27":"tag-popularakas-zinas","28":"tag-popularakaszinas","29":"tag-slugbrivibas-piemineklis","30":"tag-sluglidmasinas-aviacija","31":"tag-titlebrivibas-piemineklis","32":"tag-titlelidmasinas-aviacija","33":"tag-top-stories","34":"tag-topstories","35":"tag-zinas"},"share_on_mastodon":{"url":"","error":""},"_links":{"self":[{"href":"https:\/\/www.europesays.com\/lv\/wp-json\/wp\/v2\/posts\/17494","targetHints":{"allow":["GET"]}}],"collection":[{"href":"https:\/\/www.europesays.com\/lv\/wp-json\/wp\/v2\/posts"}],"about":[{"href":"https:\/\/www.europesays.com\/lv\/wp-json\/wp\/v2\/types\/post"}],"author":[{"embeddable":true,"href":"https:\/\/www.europesays.com\/lv\/wp-json\/wp\/v2\/users\/2"}],"replies":[{"embeddable":true,"href":"https:\/\/www.europesays.com\/lv\/wp-json\/wp\/v2\/comments?post=17494"}],"version-history":[{"count":0,"href":"https:\/\/www.europesays.com\/lv\/wp-json\/wp\/v2\/posts\/17494\/revisions"}],"wp:featuredmedia":[{"embeddable":true,"href":"https:\/\/www.europesays.com\/lv\/wp-json\/wp\/v2\/media\/17495"}],"wp:attachment":[{"href":"https:\/\/www.europesays.com\/lv\/wp-json\/wp\/v2\/media?parent=17494"}],"wp:term":[{"taxonomy":"category","embeddable":true,"href":"https:\/\/www.europesays.com\/lv\/wp-json\/wp\/v2\/categories?post=17494"},{"taxonomy":"post_tag","embeddable":true,"href":"https:\/\/www.europesays.com\/lv\/wp-json\/wp\/v2\/tags?post=17494"}],"curies":[{"name":"wp","href":"https:\/\/api.w.org\/{rel}","templated":true}]}}