{"id":17555,"date":"2025-10-10T09:26:08","date_gmt":"2025-10-10T09:26:08","guid":{"rendered":"https:\/\/www.europesays.com\/lv\/17555\/"},"modified":"2025-10-10T09:26:08","modified_gmt":"2025-10-10T09:26:08","slug":"porzinga-hawks-par-paveikto-starpsezona-izpelnas-nba-komandu-generalmenedzeru-atzinibu","status":"publish","type":"post","link":"https:\/\/www.europesays.com\/lv\/17555\/","title":{"rendered":"Porzi\u0146\u0123a \u201cHawks\u201d par paveikto starpsezon\u0101 izpeln\u0101s NBA komandu \u0123ener\u0101lmened\u017eeru atzin\u012bbu"},"content":{"rendered":"<p>T\u0101pat \u201cHawks\u201d ar Sanantonio \u201cSpurs\u201d sa\u0146\u0113ma pa 20% balsu jaut\u0101jum\u0101, kura b\u016bs visvair\u0101k progres\u0113jo\u0161\u0101 komanda \u0161aj\u0101 sezon\u0101. P\u0101rliecino\u0161i pirm\u0101 ar 47% ir Orlando \u201cMagic\u201d.<\/p>\n<p>Jaut\u0101jum\u0101 par to, kas ir vismaz\u0101k nov\u0113rt\u0113tais mai\u0146as dar\u012bjums, 10% \u0123ener\u0101lmened\u017eeru dom\u0101, ka t\u0101 ir Porzi\u0146\u0123a non\u0101k\u0161ana \u201cHawks\u201d komand\u0101. Augst\u0101k nov\u0113rt\u0113tas tikai Desmonda Beina p\u0101reja uz \u201cMagic\u201d un Kema D\u017eonsona p\u0101reja uz Denveras \u201cNuggets\u201d.<\/p>\n<p>\u0122ener\u0101lmened\u017eeri aptauj\u0101 prognoz\u0113 \u201cHawks\u201d komandai ceturto vietu Austrumu konferenc\u0113, bet Porzi\u0146\u0123a iepriek\u0161 p\u0101rst\u0101v\u0113tajai Bostonas \u201cCeltics\u201d \u2013 astoto vietu.<\/p>\n<p>\u010cetras piektda\u013cas no aptauj\u0101tajiem jeb 80% uzskata, ka ar\u012b \u0161aj\u0101 sezon\u0101 par \u010dempioni k\u013c\u016bs \u201cThunder\u201d.<\/p>\n<p>Septembr\u012b ar\u012b ESPN aptauj\u0101, kur\u0101 piedal\u012bj\u0101s 20 basketbola lietprat\u0113ji \u2013 treneri, skauti un klubu amatpersonas \u2013 \u201cHawks\u201d tika nov\u0113rt\u0113ta k\u0101 liel\u0101k\u0101 ieguv\u0113ja \u0161aj\u0101 starpsezon\u0101.<\/p>\n<p class=\"tv3-fw-500\">Zi\u0146o par k\u013c\u016bdu rakst\u0101<\/p>\n<p class=\"d-md-block d-none\">Iez\u012bm\u0113 k\u013c\u016bdaino tekstu un spied Ctrl+Enter.<\/p>\n<p class=\"d-md-none d-block\">Iez\u012bm\u0113 k\u013c\u016bdaino tekstu un zi\u0146o par to!<\/p>\n","protected":false},"excerpt":{"rendered":"T\u0101pat \u201cHawks\u201d ar Sanantonio \u201cSpurs\u201d sa\u0146\u0113ma pa 20% balsu jaut\u0101jum\u0101, kura b\u016bs visvair\u0101k progres\u0113jo\u0161\u0101 komanda \u0161aj\u0101 sezon\u0101. P\u0101rliecino\u0161i&hellip;\n","protected":false},"author":2,"featured_media":17556,"comment_status":"","ping_status":"","sticky":false,"template":"","format":"standard","meta":{"footnotes":""},"categories":[17],"tags":[4985,35,39,38,36,37,34,40,67],"class_list":{"0":"post-17555","1":"post","2":"type-post","3":"status-publish","4":"format-standard","5":"has-post-thumbnail","7":"category-sports","8":"tag-atlantas-hawkskristaps-porzingisnacionala-basketbola-asociacija","9":"tag-latvia","10":"tag-latvian","11":"tag-latviesu","12":"tag-latviesu-valoda","13":"tag-latviesuvaloda","14":"tag-latvija","15":"tag-lv","16":"tag-sports"},"share_on_mastodon":{"url":"","error":""},"_links":{"self":[{"href":"https:\/\/www.europesays.com\/lv\/wp-json\/wp\/v2\/posts\/17555","targetHints":{"allow":["GET"]}}],"collection":[{"href":"https:\/\/www.europesays.com\/lv\/wp-json\/wp\/v2\/posts"}],"about":[{"href":"https:\/\/www.europesays.com\/lv\/wp-json\/wp\/v2\/types\/post"}],"author":[{"embeddable":true,"href":"https:\/\/www.europesays.com\/lv\/wp-json\/wp\/v2\/users\/2"}],"replies":[{"embeddable":true,"href":"https:\/\/www.europesays.com\/lv\/wp-json\/wp\/v2\/comments?post=17555"}],"version-history":[{"count":0,"href":"https:\/\/www.europesays.com\/lv\/wp-json\/wp\/v2\/posts\/17555\/revisions"}],"wp:featuredmedia":[{"embeddable":true,"href":"https:\/\/www.europesays.com\/lv\/wp-json\/wp\/v2\/media\/17556"}],"wp:attachment":[{"href":"https:\/\/www.europesays.com\/lv\/wp-json\/wp\/v2\/media?parent=17555"}],"wp:term":[{"taxonomy":"category","embeddable":true,"href":"https:\/\/www.europesays.com\/lv\/wp-json\/wp\/v2\/categories?post=17555"},{"taxonomy":"post_tag","embeddable":true,"href":"https:\/\/www.europesays.com\/lv\/wp-json\/wp\/v2\/tags?post=17555"}],"curies":[{"name":"wp","href":"https:\/\/api.w.org\/{rel}","templated":true}]}}