{"id":17557,"date":"2025-10-10T09:30:09","date_gmt":"2025-10-10T09:30:09","guid":{"rendered":"https:\/\/www.europesays.com\/lv\/17557\/"},"modified":"2025-10-10T09:30:09","modified_gmt":"2025-10-10T09:30:09","slug":"krievija-uzbruk-ukrainas-energetikas-objektiem-devinos-regionos-partraukta-elektroenergijas-piegade","status":"publish","type":"post","link":"https:\/\/www.europesays.com\/lv\/17557\/","title":{"rendered":"Krievija uzbr\u016bk Ukrainas ener\u0123\u0113tikas objektiem, devi\u0146os re\u0123ionos p\u0101rtraukta elektroener\u0123ijas pieg\u0101de"},"content":{"rendered":"<p>Prezidents nor\u0101d\u012bja, ka devi\u0146os re\u0123ionos ir notiku\u0161i elektroener\u0123ijas pieg\u0101des p\u0101rtraukumi, un atk\u0101rtoti uzsv\u0113ra nepiecie\u0161am\u012bbu p\u0113c liel\u0101ka gaisa aizsardz\u012bbas atbalsta no sabiedrotajiem.<\/p>\n<p>Da\u013c\u0101 Kijivas uzbrukuma laik\u0101 pazuda elektr\u012bba, un vair\u0101ki st\u0101vi daudzdz\u012bvok\u013cu m\u0101j\u0101 Pe\u010derskas rajon\u0101 aizdeg\u0101s p\u0113c bezpilota lidapar\u0101ta trieciena.<\/p>\n<p>Notriekto bezpilota lidapar\u0101tu fragmenti nokrita vair\u0101k\u0101s galvaspils\u0113tas teritorij\u0101s, un m\u0113rs Vit\u0101lijs Kli\u010dko pazi\u0146oja, ka asto\u0146i cilv\u0113ki nog\u0101d\u0101ti slimn\u012bc\u0101.<\/p>\n<p>Krievija nesen ir veikusi vair\u0101kus lielus uzbrukumus Ukrainas infrastrukt\u016brai. Pag\u0101ju\u0161aj\u0101 ned\u0113\u013c\u0101 ra\u0137e\u0161u un bezpilota lidapar\u0101tu uzbrukums nodar\u012bja nopietnus boj\u0101jumus galvenaj\u0101m g\u0101zes ra\u017eo\u0161anas iek\u0101rt\u0101m.<\/p>\n<p>Kijivas re\u0123ion\u0101 piektdienas r\u012bt\u0101 aptuveni 28 000 \u0123ime\u0146u joproj\u0101m bija bez elektr\u012bbas.<\/p>\n","protected":false},"excerpt":{"rendered":"Prezidents nor\u0101d\u012bja, ka devi\u0146os re\u0123ionos ir notiku\u0161i elektroener\u0123ijas pieg\u0101des p\u0101rtraukumi, un atk\u0101rtoti uzsv\u0113ra nepiecie\u0161am\u012bbu p\u0113c liel\u0101ka gaisa aizsardz\u012bbas&hellip;\n","protected":false},"author":2,"featured_media":17558,"comment_status":"","ping_status":"","sticky":false,"template":"","format":"standard","meta":{"footnotes":""},"categories":[5],"tags":[23,63,28,29,32,33,22,74,30,31,35,39,38,36,37,34,40,20,26,27,24,25,178,21],"class_list":{"0":"post-17557","1":"post","2":"type-post","3":"status-publish","4":"format-standard","5":"has-post-thumbnail","7":"category-aktualitates","8":"tag-aktualitates","9":"tag-arvalstis","10":"tag-breaking-news","11":"tag-breakingnews","12":"tag-featured-news","13":"tag-featurednews","14":"tag-headlines","15":"tag-krievijas-iebrukums-ukraina","16":"tag-latest-news","17":"tag-latestnews","18":"tag-latvia","19":"tag-latvian","20":"tag-latviesu","21":"tag-latviesu-valoda","22":"tag-latviesuvaloda","23":"tag-latvija","24":"tag-lv","25":"tag-news","26":"tag-popularakas-zinas","27":"tag-popularakaszinas","28":"tag-top-stories","29":"tag-topstories","30":"tag-volodimirs-zelenskis","31":"tag-zinas"},"share_on_mastodon":{"url":"","error":""},"_links":{"self":[{"href":"https:\/\/www.europesays.com\/lv\/wp-json\/wp\/v2\/posts\/17557","targetHints":{"allow":["GET"]}}],"collection":[{"href":"https:\/\/www.europesays.com\/lv\/wp-json\/wp\/v2\/posts"}],"about":[{"href":"https:\/\/www.europesays.com\/lv\/wp-json\/wp\/v2\/types\/post"}],"author":[{"embeddable":true,"href":"https:\/\/www.europesays.com\/lv\/wp-json\/wp\/v2\/users\/2"}],"replies":[{"embeddable":true,"href":"https:\/\/www.europesays.com\/lv\/wp-json\/wp\/v2\/comments?post=17557"}],"version-history":[{"count":0,"href":"https:\/\/www.europesays.com\/lv\/wp-json\/wp\/v2\/posts\/17557\/revisions"}],"wp:featuredmedia":[{"embeddable":true,"href":"https:\/\/www.europesays.com\/lv\/wp-json\/wp\/v2\/media\/17558"}],"wp:attachment":[{"href":"https:\/\/www.europesays.com\/lv\/wp-json\/wp\/v2\/media?parent=17557"}],"wp:term":[{"taxonomy":"category","embeddable":true,"href":"https:\/\/www.europesays.com\/lv\/wp-json\/wp\/v2\/categories?post=17557"},{"taxonomy":"post_tag","embeddable":true,"href":"https:\/\/www.europesays.com\/lv\/wp-json\/wp\/v2\/tags?post=17557"}],"curies":[{"name":"wp","href":"https:\/\/api.w.org\/{rel}","templated":true}]}}