{"id":17594,"date":"2025-10-10T10:41:07","date_gmt":"2025-10-10T10:41:07","guid":{"rendered":"https:\/\/www.europesays.com\/lv\/17594\/"},"modified":"2025-10-10T10:41:07","modified_gmt":"2025-10-10T10:41:07","slug":"ptac-bridina-par-pirmajiem-zilas-meles-gadijumiem-lietuva","status":"publish","type":"post","link":"https:\/\/www.europesays.com\/lv\/17594\/","title":{"rendered":"PTAC br\u012bdina par pirmajiem zil\u0101s m\u0113les gad\u012bjumiem Lietuv\u0101"},"content":{"rendered":"<p>Dienest\u0101 skaidro, ka \u0161obr\u012bd papildu p\u0101rbaudes netiek pl\u0101notas. Dienests turpin\u0101s \u0146emt paraugus no dz\u012bvniekiem infekcioz\u0101 katar\u0101l\u0101 drud\u017ea akt\u012bv\u0101s uzraudz\u012bbas programm\u0101 un aicin\u0101s veterin\u0101r\u0101rstus un dz\u012bvnieku \u012bpa\u0161niekus zi\u0146ot par jebkuru aizdomu gad\u012bjumu. Katrs no aizdomu gad\u012bjumiem tiks r\u016bp\u012bgi izmekl\u0113ts, tostarp tiks \u0146emti paraugi laboratoriskai izmekl\u0113\u0161anai. Paraugu no\u0146em\u0161anas un laboratorisk\u0101s izmekl\u0113\u0161anas izmaksas apmaks\u0101s PVD.<\/p>\n<p>Ja dz\u012bvnieku \u012bpa\u0161niekam rodas aizdomas, ka atgremot\u0101jdz\u012bvnieks ir infic\u0113jies ar zil\u0101s m\u0113les slim\u012bbas v\u012brusu, nekav\u0113joties ir j\u0101sazin\u0101s ar novietni apkalpojo\u0161o veterin\u0101r\u0101rstu. Zil\u0101s m\u0113les slim\u012bbas konstat\u0113\u0161anas gad\u012bjum\u0101, kl\u012bniski slimos dz\u012bvniekus simptom\u0101tiski \u0101rst\u0113 praktiz\u0113jo\u0161ais veterin\u0101r\u0101rsts sadarb\u012bb\u0101 ar dz\u012bvnieku \u012bpa\u0161nieku, bet PVD pastiprin\u0101ti uzrauga slim\u012bbas skarto gan\u0101mpulku.<\/p>\n<p>PVD nor\u0101da, ka slim\u012bbas profilaksei ir iesp\u0113jama infekcioz\u0101 katar\u0101l\u0101 drud\u017ea uz\u0146\u0113m\u012bgo dz\u012bvnieku vakcin\u0101cija pret valst\u012b cirkul\u0113jo\u0161o slim\u012bbas serotipu un par \u0161\u0101du nepiecie\u0161am\u012bbu, izv\u0113rt\u0113jot situ\u0101ciju, lems Valsts galvenais veterin\u0101rais inspektors. Dienest\u0101 skaidro, ka \u0161obr\u012bd Latvij\u0101 lauksaimniec\u012bbas <a href=\"https:\/\/www.apollo.lv\/term\/555403\/dzivnieki\" class=\"topicLink\" target=\"_blank\" rel=\"nofollow noopener\">dz\u012bvnieki<\/a> netiek prevent\u012bvi vakcin\u0113ti pret infekciozo katar\u0101lo drudzi, jo veselu dz\u012bvnieku vakcin\u0113\u0161ana pret infekciozo katar\u0101lo drudzi nav at\u013cauta.<\/p>\n<p>Latvijas veterin\u0101ro z\u0101\u013cu re\u0123istr\u0101 ir iek\u013cautas tr\u012bs vakc\u012bnas, kas paredz\u0113tas uz\u0146\u0113m\u012bgo dz\u012bvnieku vakcin\u0101cijai pret infekcioz\u0101 katar\u0101l\u0101 drud\u017ea v\u012brusa tre\u0161o serotipu, tostarp &#8220;BioBos BTV 3&#8221; &#8211; ait\u0101m un liellopiem, &#8220;BLUEVAC-3&#8221; &#8211; ait\u0101m un liellopiem, k\u0101 ar\u012b &#8220;Syvazul BTV 3&#8221; &#8211; ait\u0101m.<\/p>\n<p>PVD ir Zemkop\u012bbas ministrijas p\u0101rraudz\u012bb\u0101 eso\u0161a valsts p\u0101rvaldes iest\u0101de, kas veic p\u0101rtikas aprites un veterin\u0101rmedic\u012bnas nozares valsts uzraudz\u012bbu un kontroli.<\/p>\n","protected":false},"excerpt":{"rendered":"Dienest\u0101 skaidro, ka \u0161obr\u012bd papildu p\u0101rbaudes netiek pl\u0101notas. Dienests turpin\u0101s \u0146emt paraugus no dz\u012bvniekiem infekcioz\u0101 katar\u0101l\u0101 drud\u017ea akt\u012bv\u0101s&hellip;\n","protected":false},"author":2,"featured_media":17595,"comment_status":"","ping_status":"","sticky":false,"template":"","format":"standard","meta":{"footnotes":""},"categories":[12],"tags":[23,28,29,5807,32,33,22,30,31,35,39,38,36,37,34,40,20,26,27,4211,24,25,21],"class_list":{"0":"post-17594","1":"post","2":"type-post","3":"status-publish","4":"format-standard","5":"has-post-thumbnail","7":"category-latvija","8":"tag-aktualitates","9":"tag-breaking-news","10":"tag-breakingnews","11":"tag-dzivnieki","12":"tag-featured-news","13":"tag-featurednews","14":"tag-headlines","15":"tag-latest-news","16":"tag-latestnews","17":"tag-latvia","18":"tag-latvian","19":"tag-latviesu","20":"tag-latviesu-valoda","21":"tag-latviesuvaloda","22":"tag-latvija","23":"tag-lv","24":"tag-news","25":"tag-popularakas-zinas","26":"tag-popularakaszinas","27":"tag-ptac","28":"tag-top-stories","29":"tag-topstories","30":"tag-zinas"},"share_on_mastodon":{"url":"","error":""},"_links":{"self":[{"href":"https:\/\/www.europesays.com\/lv\/wp-json\/wp\/v2\/posts\/17594","targetHints":{"allow":["GET"]}}],"collection":[{"href":"https:\/\/www.europesays.com\/lv\/wp-json\/wp\/v2\/posts"}],"about":[{"href":"https:\/\/www.europesays.com\/lv\/wp-json\/wp\/v2\/types\/post"}],"author":[{"embeddable":true,"href":"https:\/\/www.europesays.com\/lv\/wp-json\/wp\/v2\/users\/2"}],"replies":[{"embeddable":true,"href":"https:\/\/www.europesays.com\/lv\/wp-json\/wp\/v2\/comments?post=17594"}],"version-history":[{"count":0,"href":"https:\/\/www.europesays.com\/lv\/wp-json\/wp\/v2\/posts\/17594\/revisions"}],"wp:featuredmedia":[{"embeddable":true,"href":"https:\/\/www.europesays.com\/lv\/wp-json\/wp\/v2\/media\/17595"}],"wp:attachment":[{"href":"https:\/\/www.europesays.com\/lv\/wp-json\/wp\/v2\/media?parent=17594"}],"wp:term":[{"taxonomy":"category","embeddable":true,"href":"https:\/\/www.europesays.com\/lv\/wp-json\/wp\/v2\/categories?post=17594"},{"taxonomy":"post_tag","embeddable":true,"href":"https:\/\/www.europesays.com\/lv\/wp-json\/wp\/v2\/tags?post=17594"}],"curies":[{"name":"wp","href":"https:\/\/api.w.org\/{rel}","templated":true}]}}