{"id":17612,"date":"2025-10-10T11:06:08","date_gmt":"2025-10-10T11:06:08","guid":{"rendered":"https:\/\/www.europesays.com\/lv\/17612\/"},"modified":"2025-10-10T11:06:08","modified_gmt":"2025-10-10T11:06:08","slug":"kas-isti-notika-pirms-15-gadiem-pie-rezeknes-upes-kur-pazuda-kristine-saruna-ar-meitenes-mammu-2","status":"publish","type":"post","link":"https:\/\/www.europesays.com\/lv\/17612\/","title":{"rendered":"Kas \u012bsti notika pirms 15 gadiem pie R\u0113zeknes upes, kur pazuda Krist\u012bne? Saruna ar meitenes mammu"},"content":{"rendered":"<p>Krist\u012bne Volkova pazuda 2010. gada 26. mart\u0101, nepilnus divus m\u0113ne\u0161us p\u0113c savas dev\u012bt\u0101s dzim\u0161anas dienas. Vien\u012bg\u0101 aculieciniece st\u0101sta, ka vi\u0146a iekritusi R\u0113zeknes up\u0113. Meiten\u012btes \u0137ermenis joproj\u0101m nav atrasts. K\u0101p\u0113c Bezv\u0113sts.lv p\u0113c 15 gadiem organiz\u0113 jaunu Krist\u012bnes mekl\u0113\u0161anu? Kas \u012bsti notika taj\u0101 dien\u0101? R\u0113zekn\u0113 satiekamies ar Krist\u012bnes mammu Nat\u0101liju.<\/p>\n<p>Bezv\u0113sts.lv aicina br\u012bvpr\u0101t\u012bgos pieteikties Krist\u012bnes Volkovas mekl\u0113\u0161anai R\u0113zekn\u0113. Inform\u0101cija mekl\u0113t\u0101jiem atrodama Bezv\u0113sts.lv \u00a0soci\u0101lajos t\u012bklos &#8220;Facebook&#8221; un &#8220;Telegram&#8221;.\u00a0<\/p>\n","protected":false},"excerpt":{"rendered":"Krist\u012bne Volkova pazuda 2010. gada 26. mart\u0101, nepilnus divus m\u0113ne\u0161us p\u0113c savas dev\u012bt\u0101s dzim\u0161anas dienas. Vien\u012bg\u0101 aculieciniece st\u0101sta,&hellip;\n","protected":false},"author":2,"featured_media":17591,"comment_status":"","ping_status":"","sticky":false,"template":"","format":"standard","meta":{"footnotes":""},"categories":[5],"tags":[23,28,29,32,33,22,30,31,35,39,38,36,37,34,40,20,26,27,24,25,900,21],"class_list":{"0":"post-17612","1":"post","2":"type-post","3":"status-publish","4":"format-standard","5":"has-post-thumbnail","7":"category-aktualitates","8":"tag-aktualitates","9":"tag-breaking-news","10":"tag-breakingnews","11":"tag-featured-news","12":"tag-featurednews","13":"tag-headlines","14":"tag-latest-news","15":"tag-latestnews","16":"tag-latvia","17":"tag-latvian","18":"tag-latviesu","19":"tag-latviesu-valoda","20":"tag-latviesuvaloda","21":"tag-latvija","22":"tag-lv","23":"tag-news","24":"tag-popularakas-zinas","25":"tag-popularakaszinas","26":"tag-top-stories","27":"tag-topstories","28":"tag-tvnet-cilvekstasti","29":"tag-zinas"},"share_on_mastodon":{"url":"","error":""},"_links":{"self":[{"href":"https:\/\/www.europesays.com\/lv\/wp-json\/wp\/v2\/posts\/17612","targetHints":{"allow":["GET"]}}],"collection":[{"href":"https:\/\/www.europesays.com\/lv\/wp-json\/wp\/v2\/posts"}],"about":[{"href":"https:\/\/www.europesays.com\/lv\/wp-json\/wp\/v2\/types\/post"}],"author":[{"embeddable":true,"href":"https:\/\/www.europesays.com\/lv\/wp-json\/wp\/v2\/users\/2"}],"replies":[{"embeddable":true,"href":"https:\/\/www.europesays.com\/lv\/wp-json\/wp\/v2\/comments?post=17612"}],"version-history":[{"count":0,"href":"https:\/\/www.europesays.com\/lv\/wp-json\/wp\/v2\/posts\/17612\/revisions"}],"wp:featuredmedia":[{"embeddable":true,"href":"https:\/\/www.europesays.com\/lv\/wp-json\/wp\/v2\/media\/17591"}],"wp:attachment":[{"href":"https:\/\/www.europesays.com\/lv\/wp-json\/wp\/v2\/media?parent=17612"}],"wp:term":[{"taxonomy":"category","embeddable":true,"href":"https:\/\/www.europesays.com\/lv\/wp-json\/wp\/v2\/categories?post=17612"},{"taxonomy":"post_tag","embeddable":true,"href":"https:\/\/www.europesays.com\/lv\/wp-json\/wp\/v2\/tags?post=17612"}],"curies":[{"name":"wp","href":"https:\/\/api.w.org\/{rel}","templated":true}]}}