{"id":17627,"date":"2025-10-10T11:20:07","date_gmt":"2025-10-10T11:20:07","guid":{"rendered":"https:\/\/www.europesays.com\/lv\/17627\/"},"modified":"2025-10-10T11:20:07","modified_gmt":"2025-10-10T11:20:07","slug":"latvijas-bokseris-prohovskis-klust-par-eiropas-u-19-bronzas-medalnieku","status":"publish","type":"post","link":"https:\/\/www.europesays.com\/lv\/17627\/","title":{"rendered":"Latvijas bokseris Prohovskis k\u013c\u016bst par Eiropas U-19 bronzas meda\u013cnieku"},"content":{"rendered":"<p>LBS zi\u0146o, ka Prohovskis p\u0113c uzvar\u0101m p\u0101r Bosnijas un Hercegovinas un V\u0101cijas sportistiem iek\u013cuva pusfin\u0101l\u0101, kur piek\u0101p\u0101s Grie\u0137ijas bokserim Joanim Pumpuridim, izc\u012bnot bronzas meda\u013cu.<\/p>\n<p>&#8220;Esam patiesi gandar\u012bti un lepni, ka Latvijas U-19 izlase atgrie\u017eas m\u0101j\u0101s ar meda\u013cu,&#8221; saka LBS prezidents Gatis Gudermanis, uzsverot Prohovska sniegumu turn\u012bra gait\u0101 un izlases galven\u0101 trenera Ritvara \u0160u\u013cgas ieguld\u012bto darbu, k\u0101 ar\u012b proces\u0101 iesaist\u012bto LBS biedru un treneru devumu sagatavo\u0161an\u0101s proces\u0101.<\/p>\n<p>Latviju galven\u0101 trenera \u0160u\u013cgas vad\u012bb\u0101 \u010dempion\u0101t\u0101 p\u0101rst\u0101v\u0113ja asto\u0146i jaunie bokseri.<\/p>\n<p>LBS zi\u0146o, ka Nikolajs Zamjatins svara kategorij\u0101 l\u012bdz 60 kilogramiem uzvar\u0113ja Bosnijas un Hercegovinas un It\u0101lijas bokserus, bet ceturtda\u013cfin\u0101l\u0101 l\u012bdz\u012bg\u0101 c\u012b\u0146\u0101 zaud\u0113ja Gruzijas sportistam, ierindojoties piektaj\u0101 viet\u0101.<\/p>\n<p>Aleksejs Orlovs svara kategorij\u0101 l\u012bdz 55 kilogramiem 1\/16 fin\u0101l\u0101 ar 5:0 p\u0101rsp\u0113ja Igaunijas bokseri, bet astotda\u013cfin\u0101l\u0101 piek\u0101p\u0101s Ukrainas p\u0101rst\u0101vim.<\/p>\n<p>Artjoms Sergejevs svara kategorij\u0101 l\u012bdz 70 kilogramiem astotda\u013cfin\u0101l\u0101 ar 1:4 piek\u0101p\u0101s Polijas p\u0101rst\u0101vim.<\/p>\n<p>Bogdans Pro\u0146ins svara kategorij\u0101 l\u012bdz 65 kilogramiem 1\/16 fin\u0101l\u0101 zaud\u0113ja V\u0101cijas bokserim, bet Nords Rudens Koblencs svara kategorij\u0101 l\u012bdz 75 kilogramiem 1\/16 fin\u0101l\u0101 zaud\u0113ja Zviedrijas sportistam.<\/p>\n<p>Sievie\u0161u konkurenc\u0113 Viktorija Kova\u013cova svara kategorij\u0101 l\u012bdz 57 kilogramiem ceturtda\u013cfin\u0101l\u0101 piek\u0101p\u0101s \u0161\u012b vecuma pasaules \u010dempionei no Anglijas, bet Nikola \u010cerka\u0161ina svara kategorij\u0101 l\u012bdz 54 kilogramiem astotda\u013cfin\u0101l\u0101 zaud\u0113ja Rum\u0101nijas bokserei.<\/p>\n<p>Pirmais Eiropas U-19 boksa \u010dempion\u0101ts, ko organiz\u0113ja jaunizveidot\u0101 Eiropas konfeder\u0101cija (EUBC), Ostrav\u0101 norisin\u0101j\u0101s no 28. septembra l\u012bdz 10. oktobrim.<\/p>\n<p>Turn\u012brs pulc\u0113ja 294 sportistus no 33 valst\u012bm.<\/p>\n","protected":false},"excerpt":{"rendered":"LBS zi\u0146o, ka Prohovskis p\u0113c uzvar\u0101m p\u0101r Bosnijas un Hercegovinas un V\u0101cijas sportistiem iek\u013cuva pusfin\u0101l\u0101, kur piek\u0101p\u0101s Grie\u0137ijas&hellip;\n","protected":false},"author":2,"featured_media":17628,"comment_status":"","ping_status":"","sticky":false,"template":"","format":"standard","meta":{"footnotes":""},"categories":[17],"tags":[2153,2235,35,39,38,36,37,34,40,67],"class_list":{"0":"post-17627","1":"post","2":"type-post","3":"status-publish","4":"format-standard","5":"has-post-thumbnail","7":"category-sports","8":"tag-bokss","9":"tag-cinas-sports","10":"tag-latvia","11":"tag-latvian","12":"tag-latviesu","13":"tag-latviesu-valoda","14":"tag-latviesuvaloda","15":"tag-latvija","16":"tag-lv","17":"tag-sports"},"share_on_mastodon":{"url":"","error":""},"_links":{"self":[{"href":"https:\/\/www.europesays.com\/lv\/wp-json\/wp\/v2\/posts\/17627","targetHints":{"allow":["GET"]}}],"collection":[{"href":"https:\/\/www.europesays.com\/lv\/wp-json\/wp\/v2\/posts"}],"about":[{"href":"https:\/\/www.europesays.com\/lv\/wp-json\/wp\/v2\/types\/post"}],"author":[{"embeddable":true,"href":"https:\/\/www.europesays.com\/lv\/wp-json\/wp\/v2\/users\/2"}],"replies":[{"embeddable":true,"href":"https:\/\/www.europesays.com\/lv\/wp-json\/wp\/v2\/comments?post=17627"}],"version-history":[{"count":0,"href":"https:\/\/www.europesays.com\/lv\/wp-json\/wp\/v2\/posts\/17627\/revisions"}],"wp:featuredmedia":[{"embeddable":true,"href":"https:\/\/www.europesays.com\/lv\/wp-json\/wp\/v2\/media\/17628"}],"wp:attachment":[{"href":"https:\/\/www.europesays.com\/lv\/wp-json\/wp\/v2\/media?parent=17627"}],"wp:term":[{"taxonomy":"category","embeddable":true,"href":"https:\/\/www.europesays.com\/lv\/wp-json\/wp\/v2\/categories?post=17627"},{"taxonomy":"post_tag","embeddable":true,"href":"https:\/\/www.europesays.com\/lv\/wp-json\/wp\/v2\/tags?post=17627"}],"curies":[{"name":"wp","href":"https:\/\/api.w.org\/{rel}","templated":true}]}}