{"id":17707,"date":"2025-10-10T13:21:07","date_gmt":"2025-10-10T13:21:07","guid":{"rendered":"https:\/\/www.europesays.com\/lv\/17707\/"},"modified":"2025-10-10T13:21:07","modified_gmt":"2025-10-10T13:21:07","slug":"rigas-siltums-ieguldis-7-miljonus-eiro-rigas-siltumcentralu-attistiba-dienas-bizness","status":"publish","type":"post","link":"https:\/\/www.europesays.com\/lv\/17707\/","title":{"rendered":"R\u012bgas siltums ieguld\u012bs 7 miljonus eiro R\u012bgas siltumcentr\u0101\u013cu att\u012bst\u012bb\u0101 :: Dienas Bizness"},"content":{"rendered":"<p class=\"text-font font-size--text-xlarge margin-3--bottom font-weight--bold padding-1--top\">Latvij\u0101 ik gadu tiek renov\u0113ts sal\u012bdzino\u0161i neliels \u0113ku skaits, ta\u010du p\u0113d\u0113jos gados v\u0113rojamas pozit\u012bvas tendences, taj\u0101 skait\u0101 arvien vair\u0101k tiek dom\u0101ts ar\u012b par vesel\u012bga mikroklimata nodro\u0161in\u0101\u0161anu m\u0101jok\u013cos.<\/p>\n<p class=\"text-font font-size--text-xlarge margin-3--bottom\">Viens no veidiem, k\u0101 iesp\u0113jams veicin\u0101t \u0113ku ilgm\u016b\u017e\u012bbu un energoefektivit\u0101ti, ir pilnv\u0113rt\u012bga siltummezglu autom\u0101tikas iesp\u0113ju izmanto\u0161ana, nor\u0101da Kalvis Kalni\u0146\u0161, AS R\u012bgas Siltums valdes loceklis. Gudra siltummezgla p\u0101rvald\u012bba noz\u012bm\u0113 ne tikai liel\u0101ku komfortu, bet ar\u012b ilgtsp\u0113j\u012bgu energoresursu izmanto\u0161anu, m\u0101jok\u013ca aizsardz\u012bbu, vesel\u012bg\u0101ku mikroklimatu un ilgtermi\u0146a ekonomiju, atz\u012bm\u0113 K.Kalni\u0146\u0161. Vi\u0146\u0161 atg\u0101dina, ka, lai gan \u0161obr\u012bd apkures sezona jau praktiski nosl\u0113gusies, m\u016bsdienu siltummezgli autom\u0101tiski piel\u0101gojas \u0101ra gaisa temperat\u016brai, \u013caujot ar\u012b vasar\u0101 saglab\u0101t apkures re\u017e\u012bma iesp\u0113ju gaid\u012b\u0161anas re\u017e\u012bm\u0101.<\/p>\n<p class=\"text-font font-size--text-xlarge margin-3--bottom\">Risin\u0101jums piel\u0101gojas<\/p>\n<p class=\"text-font font-size--text-xlarge margin-3--bottom\">P\u0113d\u0113j\u0101 laik\u0101 arvien vair\u0101k \u0113ku \u012bpa\u0161nieku izv\u0113las ar\u012b vasar\u0101 neatsl\u0113gt apkuri, \u013caujot siltummezglam str\u0101d\u0101t p\u0113c vajadz\u012bbas, t\u0101d\u0101 veid\u0101 sabalans\u0113jot dz\u012bvok\u013cu \u012bpa\u0161nieku maks\u0101tsp\u0113ju un komforta l\u012bmeni telp\u0101s, st\u0101sta K.Kalni\u0146\u0161. \u201cTurkl\u0101t svar\u012bgi atz\u012bm\u0113t, ka gaid\u012b\u0161anas re\u017e\u012bm\u0101 siltumener\u0123ija netiek pat\u0113r\u0113ta, jo apkure tiek aktiviz\u0113ta tikai tad, kad \u0101ra gaisa temperat\u016bra nosl\u012bd zem noteikt\u0101s robe\u017ev\u0113rt\u012bbas, \u013caujot saglab\u0101t past\u0101v\u012bgu komforta temperat\u016bru dz\u012bvokl\u012b. \u0160is risin\u0101jums ir \u012bpa\u0161i piem\u0113rots Latvijas klimatam, kad gan pavasar\u012b, gan br\u012b\u017eiem ar\u012b vasar\u0101 iesp\u0113jamas krasas temperat\u016bras sv\u0101rst\u012bbas,\u201d teic K.Kalni\u0146\u0161, atz\u012bm\u0113jot, ka \u0161obr\u012bd automatiz\u0113tie siltummezgli ir uzst\u0101d\u012bti praktiski vis\u0101s R\u012bgas \u0113k\u0101s, kas piesl\u0113gtas centraliz\u0113tajai siltumapg\u0101des sist\u0113mai.<\/p>\n","protected":false},"excerpt":{"rendered":"Latvij\u0101 ik gadu tiek renov\u0113ts sal\u012bdzino\u0161i neliels \u0113ku skaits, ta\u010du p\u0113d\u0113jos gados v\u0113rojamas pozit\u012bvas tendences, taj\u0101 skait\u0101 arvien&hellip;\n","protected":false},"author":2,"featured_media":17708,"comment_status":"","ping_status":"","sticky":false,"template":"","format":"standard","meta":{"footnotes":""},"categories":[16],"tags":[869,77,870,76,867,35,39,38,36,37,34,871,868,40,21],"class_list":{"0":"post-17707","1":"post","2":"type-post","3":"status-publish","4":"format-standard","5":"has-post-thumbnail","7":"category-bizness","8":"tag-biznesa-zinas","9":"tag-bizness","10":"tag-bizness-latvija","11":"tag-business","12":"tag-dienas-zinas","13":"tag-latvia","14":"tag-latvian","15":"tag-latviesu","16":"tag-latviesu-valoda","17":"tag-latviesuvaloda","18":"tag-latvija","19":"tag-latvijas-biznesa-zinas","20":"tag-latvijas-zinas","21":"tag-lv","22":"tag-zinas"},"share_on_mastodon":{"url":"","error":""},"_links":{"self":[{"href":"https:\/\/www.europesays.com\/lv\/wp-json\/wp\/v2\/posts\/17707","targetHints":{"allow":["GET"]}}],"collection":[{"href":"https:\/\/www.europesays.com\/lv\/wp-json\/wp\/v2\/posts"}],"about":[{"href":"https:\/\/www.europesays.com\/lv\/wp-json\/wp\/v2\/types\/post"}],"author":[{"embeddable":true,"href":"https:\/\/www.europesays.com\/lv\/wp-json\/wp\/v2\/users\/2"}],"replies":[{"embeddable":true,"href":"https:\/\/www.europesays.com\/lv\/wp-json\/wp\/v2\/comments?post=17707"}],"version-history":[{"count":0,"href":"https:\/\/www.europesays.com\/lv\/wp-json\/wp\/v2\/posts\/17707\/revisions"}],"wp:featuredmedia":[{"embeddable":true,"href":"https:\/\/www.europesays.com\/lv\/wp-json\/wp\/v2\/media\/17708"}],"wp:attachment":[{"href":"https:\/\/www.europesays.com\/lv\/wp-json\/wp\/v2\/media?parent=17707"}],"wp:term":[{"taxonomy":"category","embeddable":true,"href":"https:\/\/www.europesays.com\/lv\/wp-json\/wp\/v2\/categories?post=17707"},{"taxonomy":"post_tag","embeddable":true,"href":"https:\/\/www.europesays.com\/lv\/wp-json\/wp\/v2\/tags?post=17707"}],"curies":[{"name":"wp","href":"https:\/\/api.w.org\/{rel}","templated":true}]}}