{"id":17717,"date":"2025-10-10T13:33:07","date_gmt":"2025-10-10T13:33:07","guid":{"rendered":"https:\/\/www.europesays.com\/lv\/17717\/"},"modified":"2025-10-10T13:33:07","modified_gmt":"2025-10-10T13:33:07","slug":"baltijas-biznesa-forums-sogad-veltits-parmainam-ka-izaugsmes-potencialam","status":"publish","type":"post","link":"https:\/\/www.europesays.com\/lv\/17717\/","title":{"rendered":"Baltijas Biznesa forums \u0161ogad velt\u012bts p\u0101rmai\u0146\u0101m k\u0101 izaugsmes potenci\u0101lam"},"content":{"rendered":"<p>\u201cNeparedzamas p\u0101rmai\u0146as ir m\u016bsu ikdienas jaun\u0101 \u201cnormalit\u0101te\u201d. Vienai kr\u012bzei seko cita, neprognoz\u0113jam\u012bba rada stresu un v\u0113lmi nocietin\u0101ties pret aizvien jauniem izaicin\u0101jumiem un riskiem. Tom\u0113r nocietin\u0101\u0161an\u0101s \u0161\u0101dos apst\u0101k\u013cos nav izeja. Tie\u0161i pret\u0113ji \u2013 pie\u0146emot neparedzamas p\u0101rmai\u0146as k\u0101 da\u013cu no m\u016bsu ikdienas, saglab\u0101jot atv\u0113rt\u012bbu neordin\u0101riem risin\u0101jumiem un jaun\u0101m pieej\u0101m, p\u0101rmai\u0146u ener\u0123iju var izmantot izaugsmei. Gan person\u012bg\u0101, gan ar\u012b organiz\u0101ciju l\u012bmen\u012b. K\u0101 to skaidro darvinisms \u2013 izdz\u012bvo nevis liel\u0101kie un stipr\u0101kie, pat ne gudr\u0101kie, bet tie, kas \u0101tr\u0101k un veiksm\u012bg\u0101k m\u0101c\u0101s un piel\u0101gojas p\u0101rmai\u0146\u0101m. Un tie\u0161i \u0161eit ir mekl\u0113jama Baltijas Biznesa foruma liel\u0101k\u0101 v\u0113rt\u012bba \u2013 R\u012bg\u0101 vienuviet sastopas drosm\u012bgi l\u012bderi un dom\u0101t\u0101ji, kuru at\u0161\u0137ir\u012bg\u0101s pieredzes un skatpunkti kalpo k\u0101 iedvesmas avots un piem\u0113rs tam, k\u0101 varam nodro\u0161in\u0101t organiz\u0101ciju att\u012bst\u012bbu neparedzam\u012bbas un nemit\u012bgu p\u0101rmai\u0146u vid\u0113,\u201d saka SEB bankas valdes loceklis K\u0101rlis Dan\u0113vi\u010ds.<\/p>\n<p>Vair\u0101k nek\u0101 500 foruma dal\u012bbniekus ar savu skat\u012bjumu iepaz\u012bstin\u0101s \u0161\u012b gada foruma \u012bpa\u0161ie viesi. Vi\u0146u vid\u016b \u2013 vair\u0101ku gr\u0101matu autors un biznesa vad\u012bbas konsultants, k\u0101dreiz\u0113jais kriminologs Freds Kolantonio (Fred Colantonio); autors, z\u012bmolu konsultants un biznesa pasaules iedvesmot\u0101js D\u017eefs Ramms (Geoff Ramm); komunik\u0101cijas un organiz\u0101ciju motiv\u0101cijas eksperts Naid\u017eels Risners (Nigel Risner); pieredz\u0113jusi vad\u012bt\u0101ja apdro\u0161in\u0101\u0161anas jom\u0101, ERGO vad\u012bt\u0101ja Baltijas valst\u012bs Urzula Kl\u0101ra De\u0161ka (Ursula Clara Deschka); l\u012bder\u012bbas kou\u010ds un vair\u0101ku gr\u0101matu autors Endr\u016b Braiants (Andrew Bryant); un digit\u0101l\u0101s transform\u0101cijas eksperts, SEB inov\u0101ciju vald\u012bt\u0101js Baltijas valst\u012bs un Tartu universit\u0101tes asoci\u0113tais profesors Fredriks Milani (Fredrik Milani).<\/p>\n","protected":false},"excerpt":{"rendered":"\u201cNeparedzamas p\u0101rmai\u0146as ir m\u016bsu ikdienas jaun\u0101 \u201cnormalit\u0101te\u201d. Vienai kr\u012bzei seko cita, neprognoz\u0113jam\u012bba rada stresu un v\u0113lmi nocietin\u0101ties pret&hellip;\n","protected":false},"author":2,"featured_media":17718,"comment_status":"","ping_status":"","sticky":false,"template":"","format":"standard","meta":{"footnotes":""},"categories":[16],"tags":[722,77,76,35,39,38,36,37,34,40],"class_list":{"0":"post-17717","1":"post","2":"type-post","3":"status-publish","4":"format-standard","5":"has-post-thumbnail","7":"category-bizness","8":"tag-baltijas-valstis","9":"tag-bizness","10":"tag-business","11":"tag-latvia","12":"tag-latvian","13":"tag-latviesu","14":"tag-latviesu-valoda","15":"tag-latviesuvaloda","16":"tag-latvija","17":"tag-lv"},"share_on_mastodon":{"url":"","error":""},"_links":{"self":[{"href":"https:\/\/www.europesays.com\/lv\/wp-json\/wp\/v2\/posts\/17717","targetHints":{"allow":["GET"]}}],"collection":[{"href":"https:\/\/www.europesays.com\/lv\/wp-json\/wp\/v2\/posts"}],"about":[{"href":"https:\/\/www.europesays.com\/lv\/wp-json\/wp\/v2\/types\/post"}],"author":[{"embeddable":true,"href":"https:\/\/www.europesays.com\/lv\/wp-json\/wp\/v2\/users\/2"}],"replies":[{"embeddable":true,"href":"https:\/\/www.europesays.com\/lv\/wp-json\/wp\/v2\/comments?post=17717"}],"version-history":[{"count":0,"href":"https:\/\/www.europesays.com\/lv\/wp-json\/wp\/v2\/posts\/17717\/revisions"}],"wp:featuredmedia":[{"embeddable":true,"href":"https:\/\/www.europesays.com\/lv\/wp-json\/wp\/v2\/media\/17718"}],"wp:attachment":[{"href":"https:\/\/www.europesays.com\/lv\/wp-json\/wp\/v2\/media?parent=17717"}],"wp:term":[{"taxonomy":"category","embeddable":true,"href":"https:\/\/www.europesays.com\/lv\/wp-json\/wp\/v2\/categories?post=17717"},{"taxonomy":"post_tag","embeddable":true,"href":"https:\/\/www.europesays.com\/lv\/wp-json\/wp\/v2\/tags?post=17717"}],"curies":[{"name":"wp","href":"https:\/\/api.w.org\/{rel}","templated":true}]}}