{"id":17730,"date":"2025-10-10T13:54:11","date_gmt":"2025-10-10T13:54:11","guid":{"rendered":"https:\/\/www.europesays.com\/lv\/17730\/"},"modified":"2025-10-10T13:54:11","modified_gmt":"2025-10-10T13:54:11","slug":"acu-veselibas-joma-nepieciesams-papildu-finansejums","status":"publish","type":"post","link":"https:\/\/www.europesays.com\/lv\/17730\/","title":{"rendered":"Acu vesel\u012bbas jom\u0101 nepiecie\u0161ams papildu finans\u0113jums"},"content":{"rendered":"<p>Papildu finans\u0113juma nepiecie\u0161am\u012bba ir \u012bpa\u0161i aktu\u0101la, \u0146emot v\u0113r\u0101 sabiedr\u012bbas noveco\u0161anos, hronisko slim\u012bbu, tostarp cukura diab\u0113ta pieaugumu, un piepras\u012bjumu p\u0113c m\u016bsdien\u012bg\u0101m redzes saglab\u0101\u0161anas tehnolo\u0123ij\u0101m, atz\u012bm\u0113 ministrij\u0101.<\/p>\n<p>P\u0113d\u0113jos gados veikti vair\u0101ki uzlabojumi, tostarp nov\u0113rstas rindas uz kataraktas oper\u0101cij\u0101m, un pak\u0101peniski tiek s\u0101kta jaunu terapiju apmaksa.<\/p>\n<p>VM dati liecina, ka valsts apmaks\u0101tos oftalmolo\u0123ijas pakalpojumus 2024. gad\u0101 sa\u0146\u0113ma vair\u0101k nek\u0101 220 000 iedz\u012bvot\u0101ju.<\/p>\n<p>\u0160ogad no valsts bud\u017eeta tiek finans\u0113ta uz\u0146em\u0161ana \u010detras rezident\u016bras viet\u0101s oftalmologa specialit\u0101t\u0113, bet n\u0101kamaj\u0101 gad\u0101 skaitu pl\u0101nots palielin\u0101t l\u012bdz septi\u0146\u0101m viet\u0101m. \u0160\u012b gada s\u0101kum\u0101 augstskol\u0101s stud\u0113ja 16 oftalmolo\u0123ijas rezidenti, taj\u0101 skait\u0101 devi\u0146i par valsts bud\u017eeta l\u012bdzek\u013ciem. Specialit\u0101ti absolv\u0113ja se\u0161i jaunie speci\u0101listi.<\/p>\n<p>Pasaules redzes dien\u0101, kas \u0161odien tiek atz\u012bm\u0113ta, VM aicina piev\u0113rst uzman\u012bbu acu vesel\u012bbas saglab\u0101\u0161anai un redzes p\u0101rbaudei. Redzes <a href=\"https:\/\/www.tvnet.lv\/term\/555435\/veseliba\" class=\"topicLink\" target=\"_blank\" rel=\"nofollow noopener\">vesel\u012bba<\/a> ir noz\u012bm\u012bga dz\u012bves kvalit\u0101tes sast\u0101vda\u013ca gan b\u0113rniem, gan pieaugu\u0161ajiem, un vair\u0101ki pakalpojumi redzes saglab\u0101\u0161anai tiek apmaks\u0101ti no valsts bud\u017eeta.<\/p>\n<p>Valsts nodro\u0161ina gan redzes p\u0101rbaudes b\u0113rniem, gan acu oper\u0101cijas un \u0101rst\u0113\u0161anas pakalpojumus pieaugu\u0161ajiem.<\/p>\n<p>Valsts apmaks\u0101tie pakalpojumi b\u0113rniem ietver redzes p\u0101rbaudes pie oftalmologa 13 l\u012bdz 24 m\u0113ne\u0161u vecum\u0101, tr\u012bs gadu vecum\u0101 un pirms skolas gaitu s\u0101k\u0161anas &#8211; se\u0161u l\u012bdz septi\u0146u gadu vecum\u0101. T\u0101pat b\u0113rna redzes st\u0101vokli p\u0101rbauda \u0123imenes \u0101rsta praks\u0113, kur, ja nepiecie\u0161ams, mazais pacients tiek nos\u016bt\u012bts pie speci\u0101lista.<\/p>\n","protected":false},"excerpt":{"rendered":"Papildu finans\u0113juma nepiecie\u0161am\u012bba ir \u012bpa\u0161i aktu\u0101la, \u0146emot v\u0113r\u0101 sabiedr\u012bbas noveco\u0161anos, hronisko slim\u012bbu, tostarp cukura diab\u0113ta pieaugumu, un piepras\u012bjumu&hellip;\n","protected":false},"author":2,"featured_media":17731,"comment_status":"","ping_status":"","sticky":false,"template":"","format":"standard","meta":{"footnotes":""},"categories":[12],"tags":[23,28,29,32,33,22,30,31,35,39,38,36,37,34,40,20,26,27,24,25,181,1454,21],"class_list":{"0":"post-17730","1":"post","2":"type-post","3":"status-publish","4":"format-standard","5":"has-post-thumbnail","7":"category-latvija","8":"tag-aktualitates","9":"tag-breaking-news","10":"tag-breakingnews","11":"tag-featured-news","12":"tag-featurednews","13":"tag-headlines","14":"tag-latest-news","15":"tag-latestnews","16":"tag-latvia","17":"tag-latvian","18":"tag-latviesu","19":"tag-latviesu-valoda","20":"tag-latviesuvaloda","21":"tag-latvija","22":"tag-lv","23":"tag-news","24":"tag-popularakas-zinas","25":"tag-popularakaszinas","26":"tag-top-stories","27":"tag-topstories","28":"tag-veseliba","29":"tag-veselibas-ministrija","30":"tag-zinas"},"share_on_mastodon":{"url":"","error":""},"_links":{"self":[{"href":"https:\/\/www.europesays.com\/lv\/wp-json\/wp\/v2\/posts\/17730","targetHints":{"allow":["GET"]}}],"collection":[{"href":"https:\/\/www.europesays.com\/lv\/wp-json\/wp\/v2\/posts"}],"about":[{"href":"https:\/\/www.europesays.com\/lv\/wp-json\/wp\/v2\/types\/post"}],"author":[{"embeddable":true,"href":"https:\/\/www.europesays.com\/lv\/wp-json\/wp\/v2\/users\/2"}],"replies":[{"embeddable":true,"href":"https:\/\/www.europesays.com\/lv\/wp-json\/wp\/v2\/comments?post=17730"}],"version-history":[{"count":0,"href":"https:\/\/www.europesays.com\/lv\/wp-json\/wp\/v2\/posts\/17730\/revisions"}],"wp:featuredmedia":[{"embeddable":true,"href":"https:\/\/www.europesays.com\/lv\/wp-json\/wp\/v2\/media\/17731"}],"wp:attachment":[{"href":"https:\/\/www.europesays.com\/lv\/wp-json\/wp\/v2\/media?parent=17730"}],"wp:term":[{"taxonomy":"category","embeddable":true,"href":"https:\/\/www.europesays.com\/lv\/wp-json\/wp\/v2\/categories?post=17730"},{"taxonomy":"post_tag","embeddable":true,"href":"https:\/\/www.europesays.com\/lv\/wp-json\/wp\/v2\/tags?post=17730"}],"curies":[{"name":"wp","href":"https:\/\/api.w.org\/{rel}","templated":true}]}}