{"id":177311,"date":"2026-04-13T01:22:12","date_gmt":"2026-04-13T01:22:12","guid":{"rendered":"https:\/\/www.europesays.com\/lv\/177311\/"},"modified":"2026-04-13T01:22:12","modified_gmt":"2026-04-13T01:22:12","slug":"ralfs-sumahers-bridina-lekleru-neapsvert-pariesanu-uz-red-bull-f1lv-blogs","status":"publish","type":"post","link":"https:\/\/www.europesays.com\/lv\/177311\/","title":{"rendered":"Ralfs \u0160\u016bmahers br\u012bdina Lekl\u0113ru neapsv\u0113rt p\u0101rie\u0161anu uz &#8216;Red Bull&#8217; : F1LV Blogs"},"content":{"rendered":"<p>Biju\u0161ais F1 pilots Ralfs \u0160\u016bmahers ir n\u0101cis klaj\u0101 ar br\u012bdin\u0101jumu \u0160arlam Lekl\u0113ram, aicinot vi\u0146u ne\u013cauties k\u0101rdin\u0101jumam p\u0101riet uz \u201cRed Bull\u201d nometni.<\/p>\n<p>\u0160\u0101das spekul\u0101cijas pie\u0146\u0113mu\u0161\u0101s sp\u0113k\u0101, pie\u013caujot variantu, ka Austrijas komanda var\u0113tu mekl\u0113t aizst\u0101j\u0113ju Maksa Verstapena iesp\u0113jam\u0101s aizie\u0161anas gad\u012bjum\u0101. Ta\u010du \u0160\u016bmahers uzskata, ka \u0161\u0101ds solis pa\u0161reiz\u0113jos apst\u0101k\u013cos b\u016btu k\u013c\u016bda.<\/p>\n<p>\u201cMums \u0161eit j\u0101b\u016bt \u013coti god\u012bgiem \u2013 pa\u0161reiz\u0113j\u0101 situ\u0101cij\u0101 \u201cRed Bull\u201d tie\u0161\u0101m nav ac\u012bmredzama izv\u0113le pilotiem,\u201d intervij\u0101 \u201cSky Deutschland\u201d tie\u0161i nor\u0101d\u012bja \u0160\u016bmahers. Vi\u0146\u0161 skaidroja, ka komanda \u0161obr\u012bd atrodas sare\u017e\u0123\u012bt\u0101 posm\u0101: \u201cTas atkal ir ilgtermi\u0146a projekts. Komand\u0101 \u0161obr\u012bd valda neliels juceklis \u2013 tur viss ir diezgan haotiski un nav labas komunik\u0101cijas ar \u0101rpasauli.\u201d<\/p>\n<p>Biju\u0161ais pilots ap\u0161auba, vai p\u0101reja sniegtu Lekl\u0113ram lab\u0101kas izredzes uz pan\u0101kumiem: \u201cEs nezinu, vai \u0160arlam ir j\u0113ga p\u0101riet no komandas, kura nupat s\u0101k str\u0101d\u0101t labi. Tas neb\u016btu \u012bpa\u0161i gudri.\u201d<\/p>\n<p>Pats Lekl\u0113rs gan publiski turpina uzsv\u0113rt savu lojalit\u0101ti it\u0101\u013cu vien\u012bbai, nor\u0101dot, ka vi\u0146a motiv\u0101cija nav mazin\u0101jusies. \u201cKaisl\u012bba un m\u012blest\u012bba, kas man ir pret \u0161o komandu, ir neskarta,\u201d vi\u0146\u0161 atzina \u201cBSMT\u201d podk\u0101st\u0101. \u201cTas ir tas, kas padara \u201cFerrari\u201d \u012bpa\u0161u. Mums visiem ir j\u0101str\u0101d\u0101 vien\u0101 virzien\u0101, lai atgrieztu \u201cFerrari\u201d virsotn\u0113.\u201d<\/p>\n<p>Kam\u0113r \u201cFerrari\u201d nometn\u0113 Luiss Hamiltons r\u0101da atz\u012bstamu formu, arvien ska\u013c\u0101k izskan ar\u012b jauno talantu v\u0101rdi, tostarp Olivera B\u0113rmena iesp\u0113jam\u0101 debija pamatsast\u0101v\u0101 n\u0101kotn\u0113.<\/p>\n<p>Taj\u0101 pa\u0161\u0101 laik\u0101 \u201cRed Bull\u201d vad\u012bba nesl\u0113pj, ka p\u0113c smag\u0101 2026. gada sezonas s\u0101kuma situ\u0101cija v\u0113l ir t\u0101lu no stabilas. Helmuts Marko atkl\u0101ja, ka komanda ir pie\u013c\u0101vusi k\u013c\u016bdas att\u012bst\u012bbas proces\u0101: \u201cS\u0101kums Melburn\u0101 bija labs. Tom\u0113r uzlabojumi p\u0113c tam aizveda ma\u0161\u012bnu nepareiz\u0101 virzien\u0101. Maksa faktors darbojas tikai tad, ja vi\u0146am ir p\u0101rliec\u012bba par ma\u0161\u012bnu. Pa\u0161laik tas t\u0101 nav.\u201d<\/p>\n<p><a href=\"https:\/\/www.patreon.com\/collection\/823319\" rel=\"nofollow noopener\" target=\"_blank\"><img loading=\"lazy\" decoding=\"async\" class=\"aligncenter size-full wp-image-74708\" src=\"https:\/\/www.europesays.com\/lv\/wp-content\/uploads\/2026\/04\/1776043332_756_Banner300x250px.jpg\" alt=\"\" width=\"300\" height=\"250\"\/><\/a><\/p>\n","protected":false},"excerpt":{"rendered":"Biju\u0161ais F1 pilots Ralfs \u0160\u016bmahers ir n\u0101cis klaj\u0101 ar br\u012bdin\u0101jumu \u0160arlam Lekl\u0113ram, aicinot vi\u0146u ne\u013cauties k\u0101rdin\u0101jumam p\u0101riet uz&hellip;\n","protected":false},"author":2,"featured_media":177312,"comment_status":"","ping_status":"","sticky":false,"template":"","format":"standard","meta":{"footnotes":"","_share_on_mastodon":"0"},"categories":[17],"tags":[4178,35,39,38,36,37,34,40,30996,4177,4422,67],"class_list":["post-177311","post","type-post","status-publish","format-standard","has-post-thumbnail","category-sports","tag-ferrari","tag-latvia","tag-latvian","tag-latviesu","tag-latviesu-valoda","tag-latviesuvaloda","tag-latvija","tag-lv","tag-ralfs-sumahers","tag-red-bull","tag-sarls-leklers","tag-sports"],"share_on_mastodon":{"url":"https:\/\/pubeurope.com\/@lv\/116394783190581883","error":""},"_links":{"self":[{"href":"https:\/\/www.europesays.com\/lv\/wp-json\/wp\/v2\/posts\/177311","targetHints":{"allow":["GET"]}}],"collection":[{"href":"https:\/\/www.europesays.com\/lv\/wp-json\/wp\/v2\/posts"}],"about":[{"href":"https:\/\/www.europesays.com\/lv\/wp-json\/wp\/v2\/types\/post"}],"author":[{"embeddable":true,"href":"https:\/\/www.europesays.com\/lv\/wp-json\/wp\/v2\/users\/2"}],"replies":[{"embeddable":true,"href":"https:\/\/www.europesays.com\/lv\/wp-json\/wp\/v2\/comments?post=177311"}],"version-history":[{"count":0,"href":"https:\/\/www.europesays.com\/lv\/wp-json\/wp\/v2\/posts\/177311\/revisions"}],"wp:featuredmedia":[{"embeddable":true,"href":"https:\/\/www.europesays.com\/lv\/wp-json\/wp\/v2\/media\/177312"}],"wp:attachment":[{"href":"https:\/\/www.europesays.com\/lv\/wp-json\/wp\/v2\/media?parent=177311"}],"wp:term":[{"taxonomy":"category","embeddable":true,"href":"https:\/\/www.europesays.com\/lv\/wp-json\/wp\/v2\/categories?post=177311"},{"taxonomy":"post_tag","embeddable":true,"href":"https:\/\/www.europesays.com\/lv\/wp-json\/wp\/v2\/tags?post=177311"}],"curies":[{"name":"wp","href":"https:\/\/api.w.org\/{rel}","templated":true}]}}