{"id":177521,"date":"2026-04-13T07:13:10","date_gmt":"2026-04-13T07:13:10","guid":{"rendered":"https:\/\/www.europesays.com\/lv\/177521\/"},"modified":"2026-04-13T07:13:10","modified_gmt":"2026-04-13T07:13:10","slug":"brivdienas-ugunsdzeseji-devas-uz-izsaukumiem-valka-smiltene-un-citviet-dzesti-plasi-kulas-ugunsgreki","status":"publish","type":"post","link":"https:\/\/www.europesays.com\/lv\/177521\/","title":{"rendered":"Br\u012bvdien\u0101s ugunsdz\u0113s\u0113ji dev\u0101s uz izsaukumiem Valk\u0101, Smilten\u0113 un citviet, dz\u0113sti pla\u0161i k\u016blas ugunsgr\u0113ki"},"content":{"rendered":"<p><img fetchpriority=\"high\" decoding=\"async\" width=\"1024\" height=\"568\" src=\"https:\/\/www.europesays.com\/lv\/wp-content\/uploads\/2026\/04\/20250823_113027s-1024x568.jpg\" alt=\"\" class=\"wp-image-997488\"  \/>FOTO: L\u012bga Orleana<\/p>\n<p>Aizvad\u012btaj\u0101s diennakt\u012bs, laika posm\u0101 no \u0161\u012b gada 10. apr\u012b\u013ca plkst.\u00a06.30 l\u012bdz 13. apr\u012b\u013ca plkst.\u00a06.30, Valsts ugunsdz\u0113s\u012bbas un gl\u0101b\u0161anas dienesta (VUGD) Vidzemes re\u0123iona p\u0101rvalde sa\u0146\u0113ma 52 izsaukumus \u2013 41 uz ugunsgr\u0113ku dz\u0113\u0161anu ( tai skait\u0101 35 uz k\u016blas ugunsgr\u0113kiem), asto\u0146us uz gl\u0101b\u0161anas darbiem, bet v\u0113l tr\u012bs bija maldin\u0101jumi.<\/p>\n<p>Piektdien p\u0113cpusdien\u0101 sa\u0146emts izsaukums uz Smil\u0161u ielu Valmier\u0101, kur divst\u0101va dz\u012bvojam\u0101s m\u0101jas otr\u0101 st\u0101va dz\u012bvokl\u012b uz pl\u012bts piededzis bez uzraudz\u012bbas atst\u0101ts \u0113diens 0,01 m2 plat\u012bb\u0101. Ugunsgr\u0113ks likvid\u0113ts pirms VUGD iera\u0161an\u0101s.<\/p>\n<p>Nakt\u012b uz sestdienu plkst. 4.18 ugunsdz\u0113s\u0113ji gl\u0101b\u0113ji dev\u0101s uz Semin\u0101ra ielu Valk\u0101, kur divst\u0101vu dz\u012bvojam\u0101s m\u0101jas otraj\u0101 st\u0101v\u0101 dz\u012bvoklim dega \u0101rdurvis 2 m2 plat\u012bb\u0101. No m\u0101jas tika evaku\u0113ti septi\u0146i cilv\u0113ki. Plkst. 5.11 ugunsgr\u0113ks likvid\u0113ts.<\/p>\n<p>Sv\u0113tdien plkst. 4.02 sa\u0146emts izsaukums uz Limba\u017eu novada Staiceli, kur vienst\u0101va dz\u012bvojam\u0101 m\u0101j\u0101 dega plastmasas spainis ar pelniem un gr\u012bda 1 m2 plat\u012bb\u0101. Pirms VUGD iera\u0161an\u0101s no m\u0101jas evaku\u0113ts viens cilv\u0113ks, kur\u0161 cieta un tika nodots Neatliekam\u0101s medic\u012bnisk\u0101s pal\u012bdz\u012bbas dienesta (NMPD) medi\u0137iem. Plkst. 5.40 darbi notikuma viet\u0101 nosl\u0113dz\u0101s.<\/p>\n<p>Vakar plkst. 14.10 VUGD sa\u0146\u0113ma izsaukumu uz Valkas novada Valkas pagastu, kur dega neapsaimniekotas fermas jumts un atkritumi 20 m2 plat\u012bb\u0101. Plkst. 15.05 ugunsgr\u0113ks likvid\u0113ts.<\/p>\n<p>Plkst. 19.47 VUGD sa\u0146\u0113ma izsaukumu uz Avotu ielu Madon\u0101, kur vienst\u0101va neapdz\u012bvot\u0101 m\u0101j\u0101 dega d\u012bv\u0101ns un sadz\u012bves mantas 4 m2 plat\u012bb\u0101. plkst. 20.13 ugunsgr\u0113ks likvid\u0113ts.<\/p>\n<p>Vakar vakar\u0101 sa\u0146emts izsaukums uz Smiltenes novada Palsmanes pagastu, kur tr\u012bsst\u0101vu dz\u012bvojam\u0101s m\u0101jas d\u016bmvad\u0101 dega sodr\u0113ji 3 m2 plat\u012bb\u0101.<\/p>\n<p>\u0160or\u012bt sa\u0146emts izsaukums uz C\u0113su novada N\u012btaures pagastu, kur avar\u0113jusi viegla automa\u0161\u012bna. Cilv\u0113ki no transportl\u012bdzek\u013ca izk\u013cuva pirms VUGD iera\u0161an\u0101s. Notikuma viet\u0101 atvienotas automa\u0161\u012bnas akumulatora klemmes.<\/p>\n<p>Vidzem\u0113 ned\u0113\u013cas izska\u0146\u0101 dz\u0113sti 35 k\u016blas ugunsgr\u0113ki. Piektdien dz\u0113sti devi\u0146i k\u016blas ugunsgr\u0113ki, sestdien 16, bet sv\u0113tdien \u2013 10.<\/p>\n<p>K\u016blas ugunsgr\u0113ki dz\u0113sti Smiltenes novada Launkalnes pagast\u0101, Valkas novada K\u0101r\u0137u pagast\u0101, Valmieras novada Stren\u010dos, P.Roz\u012b\u0161a iel\u0101 Valmier\u0101, Limba\u017eu novada Vidri\u017eu pagast\u0101, Smiltenes novada Ap\u0113, R\u016bpniec\u012bbas iel\u0101 Valmier\u0101, Valmieras novada Vecates pagast\u0101, R\u016bpniec\u012bbas iel\u0101 Jaunpiebalg\u0101, Madonas novada Aronas pagast\u0101, Gulbenes novada Rankas pagast\u0101, Valmieras novada Vilpulkas pagast\u0101, Valkas novada \u0112r\u0123emes pagast\u0101, Gulbenes novada Tirzas pagast\u0101, Gulbenes novada Daukstu pagast\u0101, Gulbenes novada Rankas pagast\u0101, Valmieras novada Valmieras pagast\u0101, Madonas novada Varak\u013c\u0101nu pagast\u0101, Smiltenes novada Vire\u0161u pagast\u0101, Madonas novada Cesvaines pagast\u0101, Madonas novada Sarka\u0146u pagast\u0101, Valmieras novada \u0112veles pagast\u0101, Valmieras novada Lodes pagast\u0101, C\u0113su novada L\u012bgatnes pagast\u0101, Robe\u017eu iel\u0101 Valmier\u0101, Limba\u017eu novada Salacgr\u012bvas pagast\u0101, Stacijas iel\u0101 Valmier\u0101, Gulbenes novada Be\u013cavas pagast\u0101. Liel\u0101k\u0101s plat\u012bbas degu\u0161as:<\/p>\n<ul class=\"wp-block-list\">\n<li>piektdien Smiltenes novada Trapenes pagast\u0101, kur k\u016bla dega 3,1 hekt\u0101ru plat\u012bb\u0101;<\/li>\n<li>sestdien Smiltenes novada Smiltenes pagast\u0101 2 hekt\u0101ru plat\u012bb\u0101;<\/li>\n<li>sv\u0113tdien Gulbenes novada Tirzas pagast\u0101 1 hekt\u0101ra liela plat\u012bb\u0101.<\/li>\n<\/ul>\n<p>VUGD atg\u0101dina: k\u016blas dedzin\u0101\u0161ana ir aizliegta un b\u012bstama, jo apdraud cilv\u0113ku \u012bpa\u0161umu, vesel\u012bbu un dz\u012bv\u012bbu, k\u0101 ar\u012b rada b\u016btisku kait\u0113jumu dabai! VUGD aicina iedz\u012bvot\u0101jus sakopt teritorijas bez k\u016blas dedzin\u0101\u0161anas un gad\u012bjumos, ja tom\u0113r ir izc\u0113lies k\u016blas ugunsgr\u0113ks \u2013 nekav\u0113joties zvan\u012bt uz t\u0101lru\u0146a numuru 112.<\/p>\n<p>Latvij\u0101 kopum\u0101 VUGD sa\u0146\u0113ma 245 izsaukumus \u2013 160 uz ugunsgr\u0113ku dz\u0113\u0161anu, no tiem 108 bija k\u016blas ugunsgr\u0113ki un \u010detri me\u017ea ugunsgr\u0113ki, 44 uz gl\u0101b\u0161anas darbiem, bet v\u0113l 41 izsaukums bija maldin\u0101jums.<\/p>\n<p>Sandra V\u0113ji\u0146a, VUGD Prevencijas p\u0101rvaldes, Sabiedr\u012bbas izgl\u012bto\u0161anas un inform\u0113\u0161anas noda\u013cas vec\u0101k\u0101 inspektore<\/p>\n","protected":false},"excerpt":{"rendered":"FOTO: L\u012bga Orleana Aizvad\u012btaj\u0101s diennakt\u012bs, laika posm\u0101 no \u0161\u012b gada 10. apr\u012b\u013ca plkst.\u00a06.30 l\u012bdz 13. apr\u012b\u013ca plkst.\u00a06.30, Valsts&hellip;\n","protected":false},"author":2,"featured_media":177522,"comment_status":"","ping_status":"","sticky":false,"template":"","format":"standard","meta":{"footnotes":""},"categories":[12],"tags":[23,28,29,32,33,22,34133,30,31,35,39,38,36,37,34,40,20,26,27,2490,452,24,25,34134,1007,1009,21],"class_list":{"0":"post-177521","1":"post","2":"type-post","3":"status-publish","4":"format-standard","5":"has-post-thumbnail","7":"category-latvija","8":"tag-aktualitates","9":"tag-breaking-news","10":"tag-breakingnews","11":"tag-featured-news","12":"tag-featurednews","13":"tag-headlines","14":"tag-kulasugunsgreki","15":"tag-latest-news","16":"tag-latestnews","17":"tag-latvia","18":"tag-latvian","19":"tag-latviesu","20":"tag-latviesu-valoda","21":"tag-latviesuvaloda","22":"tag-latvija","23":"tag-lv","24":"tag-news","25":"tag-popularakas-zinas","26":"tag-popularakaszinas","27":"tag-smiltene","28":"tag-smiltenesnovads","29":"tag-top-stories","30":"tag-topstories","31":"tag-ugunsdzesejiglabeji","32":"tag-valka","33":"tag-valkasnovads","34":"tag-zinas"},"share_on_mastodon":{"url":"https:\/\/pubeurope.com\/@lv\/116396163349247465","error":""},"_links":{"self":[{"href":"https:\/\/www.europesays.com\/lv\/wp-json\/wp\/v2\/posts\/177521","targetHints":{"allow":["GET"]}}],"collection":[{"href":"https:\/\/www.europesays.com\/lv\/wp-json\/wp\/v2\/posts"}],"about":[{"href":"https:\/\/www.europesays.com\/lv\/wp-json\/wp\/v2\/types\/post"}],"author":[{"embeddable":true,"href":"https:\/\/www.europesays.com\/lv\/wp-json\/wp\/v2\/users\/2"}],"replies":[{"embeddable":true,"href":"https:\/\/www.europesays.com\/lv\/wp-json\/wp\/v2\/comments?post=177521"}],"version-history":[{"count":0,"href":"https:\/\/www.europesays.com\/lv\/wp-json\/wp\/v2\/posts\/177521\/revisions"}],"wp:featuredmedia":[{"embeddable":true,"href":"https:\/\/www.europesays.com\/lv\/wp-json\/wp\/v2\/media\/177522"}],"wp:attachment":[{"href":"https:\/\/www.europesays.com\/lv\/wp-json\/wp\/v2\/media?parent=177521"}],"wp:term":[{"taxonomy":"category","embeddable":true,"href":"https:\/\/www.europesays.com\/lv\/wp-json\/wp\/v2\/categories?post=177521"},{"taxonomy":"post_tag","embeddable":true,"href":"https:\/\/www.europesays.com\/lv\/wp-json\/wp\/v2\/tags?post=177521"}],"curies":[{"name":"wp","href":"https:\/\/api.w.org\/{rel}","templated":true}]}}