{"id":17769,"date":"2025-10-10T14:56:07","date_gmt":"2025-10-10T14:56:07","guid":{"rendered":"https:\/\/www.europesays.com\/lv\/17769\/"},"modified":"2025-10-10T14:56:07","modified_gmt":"2025-10-10T14:56:07","slug":"foto-%e2%9f%a9-baltijas-valstis-gatavo-masveida-evakuacijas-planus-iespejama-krievijas-uzbrukuma-gadijuma","status":"publish","type":"post","link":"https:\/\/www.europesays.com\/lv\/17769\/","title":{"rendered":"FOTO \u27e9 Baltijas valstis gatavo masveida evaku\u0101cijas pl\u0101nus iesp\u0113jam\u0101 Krievijas uzbrukuma gad\u012bjum\u0101"},"content":{"rendered":"<p>Krievijas milit\u0101ro draudu \u0113n\u0101 Lietuva, Latvija un Igaunija izstr\u0101d\u0101 pl\u0101nus, k\u0101 potenci\u0101la iebrukuma gad\u012bjum\u0101 evaku\u0113t un patvert simtiem t\u016bksto\u0161u civiliedz\u012bvot\u0101ju. Iesp\u0113jam\u0101 konflikta gad\u012bjum\u0101, m\u0101jas var\u0113tu n\u0101kties pamest vair\u0101k nek\u0101 1,2 miljoniem cilv\u0113ku \u2013 aptuveni piektda\u013cai no visu Baltijas valstu iedz\u012bvot\u0101jiem. T\u0101p\u0113c \u0161oned\u0113\u013c Vi\u013c\u0146\u0101 notika pla\u0161as civil\u0101s aizsardz\u012bbas m\u0101c\u012bbas, kuru laik\u0101 no \u010detriem galvaspils\u0113tas rajoniem ar pa\u0161vald\u012bbas transportu tika evaku\u0113ti simtiem cilv\u0113ku.<\/p>\n<p>Ko paredz sagatavotie civil\u0101s aizsardz\u012bbas pl\u0101ni? Un, k\u0101 norit\u0113ju\u0161as m\u0101c\u012bbas Lietuv\u0101?<\/p>\n","protected":false},"excerpt":{"rendered":"Krievijas milit\u0101ro draudu \u0113n\u0101 Lietuva, Latvija un Igaunija izstr\u0101d\u0101 pl\u0101nus, k\u0101 potenci\u0101la iebrukuma gad\u012bjum\u0101 evaku\u0113t un patvert simtiem&hellip;\n","protected":false},"author":2,"featured_media":17770,"comment_status":"","ping_status":"","sticky":false,"template":"","format":"standard","meta":{"footnotes":""},"categories":[5],"tags":[23,722,28,29,5854,32,33,22,3131,234,30,31,35,39,38,36,37,34,40,20,26,27,24,25,164,21],"class_list":{"0":"post-17769","1":"post","2":"type-post","3":"status-publish","4":"format-standard","5":"has-post-thumbnail","7":"category-aktualitates","8":"tag-aktualitates","9":"tag-baltijas-valstis","10":"tag-breaking-news","11":"tag-breakingnews","12":"tag-evakuacija","13":"tag-featured-news","14":"tag-featurednews","15":"tag-headlines","16":"tag-kars","17":"tag-krievija","18":"tag-latest-news","19":"tag-latestnews","20":"tag-latvia","21":"tag-latvian","22":"tag-latviesu","23":"tag-latviesu-valoda","24":"tag-latviesuvaloda","25":"tag-latvija","26":"tag-lv","27":"tag-news","28":"tag-popularakas-zinas","29":"tag-popularakaszinas","30":"tag-top-stories","31":"tag-topstories","32":"tag-tvnet-latvija","33":"tag-zinas"},"share_on_mastodon":{"url":"","error":""},"_links":{"self":[{"href":"https:\/\/www.europesays.com\/lv\/wp-json\/wp\/v2\/posts\/17769","targetHints":{"allow":["GET"]}}],"collection":[{"href":"https:\/\/www.europesays.com\/lv\/wp-json\/wp\/v2\/posts"}],"about":[{"href":"https:\/\/www.europesays.com\/lv\/wp-json\/wp\/v2\/types\/post"}],"author":[{"embeddable":true,"href":"https:\/\/www.europesays.com\/lv\/wp-json\/wp\/v2\/users\/2"}],"replies":[{"embeddable":true,"href":"https:\/\/www.europesays.com\/lv\/wp-json\/wp\/v2\/comments?post=17769"}],"version-history":[{"count":0,"href":"https:\/\/www.europesays.com\/lv\/wp-json\/wp\/v2\/posts\/17769\/revisions"}],"wp:featuredmedia":[{"embeddable":true,"href":"https:\/\/www.europesays.com\/lv\/wp-json\/wp\/v2\/media\/17770"}],"wp:attachment":[{"href":"https:\/\/www.europesays.com\/lv\/wp-json\/wp\/v2\/media?parent=17769"}],"wp:term":[{"taxonomy":"category","embeddable":true,"href":"https:\/\/www.europesays.com\/lv\/wp-json\/wp\/v2\/categories?post=17769"},{"taxonomy":"post_tag","embeddable":true,"href":"https:\/\/www.europesays.com\/lv\/wp-json\/wp\/v2\/tags?post=17769"}],"curies":[{"name":"wp","href":"https:\/\/api.w.org\/{rel}","templated":true}]}}