{"id":17821,"date":"2025-10-10T17:05:08","date_gmt":"2025-10-10T17:05:08","guid":{"rendered":"https:\/\/www.europesays.com\/lv\/17821\/"},"modified":"2025-10-10T17:05:08","modified_gmt":"2025-10-10T17:05:08","slug":"italijas-peldesanas-federacija-diskvalifice-tituletas-peldetajas-par-zadzibu-lidosta-lente-lv","status":"publish","type":"post","link":"https:\/\/www.europesays.com\/lv\/17821\/","title":{"rendered":"It\u0101lijas Peld\u0113\u0161anas Feder\u0101cija Diskvalific\u0113 Titul\u0113t\u0101s Peld\u0113t\u0101jas par Z\u0101dz\u012bbu Lidost\u0101\u00a0\u2014\u00a0Lente.lv"},"content":{"rendered":"<p>It\u0101lijas peld\u0113t\u0101ju diskvalifik\u0101cija p\u0113c z\u0101dz\u012bbas lidost\u0101<\/p>\n<p>It\u0101lijas Peld\u0113\u0161anas feder\u0101cija (FIN) ir pie\u0146\u0113musi stingru l\u0113mumu, diskvalific\u0113jot divas titul\u0113tas peld\u0113t\u0101jas, Benedetu Pilato un Kjaru Tarantino, uz 90 dien\u0101m. \u0160is drastiskais solis sekojis p\u0113c incidenta ar z\u0101dz\u012bbu Singap\u016bras \u010cangi lidost\u0101, kas noticis augusta beig\u0101s. Abas sportistes, atgrie\u017eoties no br\u012bvdien\u0101m Bali, veiku\u0161as z\u0101dz\u012bbu no beznodok\u013cu veikala lidost\u0101, kas v\u0113l\u0101k non\u0101ca ar\u012b policijas redzeslok\u0101. \u0160\u012b diskvalifik\u0101cija noz\u012bm\u0113, ka Pilato un Tarantino nevar\u0113s piedal\u012bties Eiropas \u012as\u0101 distan\u010du \u010dempion\u0101t\u0101, kas paredz\u0113ts decembr\u012b Polij\u0101, Lublin\u0101. Feder\u0101cijas pazi\u0146ojum\u0101 tika uzsv\u0113rts, ka diskvalifik\u0101cija pie\u0146emta, \u0146emot v\u0113r\u0101 abu sportistu atz\u012bto atbild\u012bbu un sadarb\u012bbu izmekl\u0113\u0161an\u0101.<\/p>\n<p>Incidenta deta\u013cas un sekas<\/p>\n<p>Saska\u0146\u0101 ar pieejamo inform\u0101ciju, incidents noticis 14. august\u0101, kad sportistes atgriez\u0101s no pasaules \u010dempion\u0101ta, kur\u0101 Benedetta Pilato izc\u012bn\u012bja bronzas meda\u013cu 50 metru brass. Kameru ieraksti liecin\u0101ju\u0161i, ka Chiara Tarantino ir ievietojusi divus kosm\u0113tikas produktus Benedetas Pilato som\u0101, iesp\u0113jams, vi\u0146as nezi\u0146\u0101. Lai gan s\u0101kotn\u0113ji abas tika aiztur\u0113tas un pratin\u0101tas, p\u0113c It\u0101lijas amatpersonu un v\u0113stniec\u012bbas iejauk\u0161an\u0101s t\u0101s tika atbr\u012bvotas un dr\u012bzum\u0101 atgriez\u0101s It\u0101lij\u0101. Benedetta Pilato soci\u0101lajos medijos paudusi, ka ir bijusi iesaist\u012bta incident\u0101 pret savu gribu un ka no \u0161\u012bs pieredzes guvusi svar\u012bgas atzi\u0146as par atbild\u012bbu un apk\u0101rt\u0113jo cilv\u0113ku v\u0113rt\u012bbu. Chiara Tarantino publiski nav koment\u0113jusi notiku\u0161o. Lai gan incidents noticis \u0101rpus feder\u0101cijas organiz\u0113t\u0101m aktivit\u0101t\u0113m un sportistu br\u012bvaj\u0101 laik\u0101, FIN nol\u0113musi r\u012bkoties, lai nosarg\u0101tu sporta principus un god\u012bgumu.<\/p>\n<p>Rezonanse un n\u0101kotnes perspekt\u012bvas<\/p>\n<p>\u0160is gad\u012bjums ir rad\u012bjis iev\u0113rojamu rezonansi ne tikai It\u0101lijas, bet ar\u012b starptautiskaj\u0101 sporta vid\u0113. Lai gan 90 dienu diskvalifik\u0101cija ir nopietns sods, t\u0101 atspogu\u013co stingro nost\u0101ju, ko sporta organiz\u0101cijas ie\u0146em pret jebk\u0101diem p\u0101rk\u0101pumiem, pat ja tie notiku\u0161i \u0101rpus ofici\u0101laj\u0101m sacens\u012bb\u0101m. It\u0101lijas Peld\u0113\u0161anas feder\u0101cijas l\u0113mums uzsver principu noz\u012bm\u012bgumu un sportistu person\u012bgo atbild\u012bbu gan uz, gan \u0101rpus peldbaseina. \u0160is incidents kalpo k\u0101 r\u016bgta atg\u0101din\u0101jums par to, cik svar\u012bgi ir saglab\u0101t integrit\u0101ti un iev\u0113rot likumus, neatkar\u012bgi no sasniegumiem un sportisk\u0101 statusa. Gan Pilato, gan Tarantino ir jaunas sportistes ar spo\u017eu n\u0101kotnes potenci\u0101lu, un \u0161\u012b pieredze, lai ar\u012b nepat\u012bkama, var k\u013c\u016bt par pagrieziena punktu vi\u0146u karjer\u0101, mudinot t\u0101s v\u0113l stingr\u0101k pietur\u0113ties pie profesion\u0101l\u0101m v\u0113rt\u012bb\u0101m un izvair\u012bties no l\u012bdz\u012bg\u0101m k\u013c\u016bd\u0101m n\u0101kotn\u0113. Situ\u0101cija ir sare\u017e\u0123\u012bta, jo t\u0101 skar gan sportisko karjeru, gan person\u012bgo reput\u0101ciju, tom\u0113r sporta pasaule bie\u017ei vien sniedz iesp\u0113ju atgriezties un pier\u0101d\u012bt sevi no jauna, ja vien tiek demonstr\u0113ta patiesa atzin\u012bba un ap\u0146em\u0161an\u0101s m\u0101c\u012bties no k\u013c\u016bd\u0101m.<\/p>\n","protected":false},"excerpt":{"rendered":"It\u0101lijas peld\u0113t\u0101ju diskvalifik\u0101cija p\u0113c z\u0101dz\u012bbas lidost\u0101 It\u0101lijas Peld\u0113\u0161anas feder\u0101cija (FIN) ir pie\u0146\u0113musi stingru l\u0113mumu, diskvalific\u0113jot divas titul\u0113tas peld\u0113t\u0101jas,&hellip;\n","protected":false},"author":2,"featured_media":17822,"comment_status":"","ping_status":"","sticky":false,"template":"","format":"standard","meta":{"footnotes":""},"categories":[17],"tags":[5858,5859,5862,5860,35,39,38,36,37,34,40,67,5861],"class_list":{"0":"post-17821","1":"post","2":"type-post","3":"status-publish","4":"format-standard","5":"has-post-thumbnail","7":"category-sports","8":"tag-benedetta-pilato","9":"tag-chiara-tarantino","10":"tag-diskvalifikacija","11":"tag-italijas-peldesanas-federacija","12":"tag-latvia","13":"tag-latvian","14":"tag-latviesu","15":"tag-latviesu-valoda","16":"tag-latviesuvaloda","17":"tag-latvija","18":"tag-lv","19":"tag-sports","20":"tag-zadziba-lidosta"},"share_on_mastodon":{"url":"","error":""},"_links":{"self":[{"href":"https:\/\/www.europesays.com\/lv\/wp-json\/wp\/v2\/posts\/17821","targetHints":{"allow":["GET"]}}],"collection":[{"href":"https:\/\/www.europesays.com\/lv\/wp-json\/wp\/v2\/posts"}],"about":[{"href":"https:\/\/www.europesays.com\/lv\/wp-json\/wp\/v2\/types\/post"}],"author":[{"embeddable":true,"href":"https:\/\/www.europesays.com\/lv\/wp-json\/wp\/v2\/users\/2"}],"replies":[{"embeddable":true,"href":"https:\/\/www.europesays.com\/lv\/wp-json\/wp\/v2\/comments?post=17821"}],"version-history":[{"count":0,"href":"https:\/\/www.europesays.com\/lv\/wp-json\/wp\/v2\/posts\/17821\/revisions"}],"wp:featuredmedia":[{"embeddable":true,"href":"https:\/\/www.europesays.com\/lv\/wp-json\/wp\/v2\/media\/17822"}],"wp:attachment":[{"href":"https:\/\/www.europesays.com\/lv\/wp-json\/wp\/v2\/media?parent=17821"}],"wp:term":[{"taxonomy":"category","embeddable":true,"href":"https:\/\/www.europesays.com\/lv\/wp-json\/wp\/v2\/categories?post=17821"},{"taxonomy":"post_tag","embeddable":true,"href":"https:\/\/www.europesays.com\/lv\/wp-json\/wp\/v2\/tags?post=17821"}],"curies":[{"name":"wp","href":"https:\/\/api.w.org\/{rel}","templated":true}]}}