{"id":178684,"date":"2026-04-14T15:44:11","date_gmt":"2026-04-14T15:44:11","guid":{"rendered":"https:\/\/www.europesays.com\/lv\/178684\/"},"modified":"2026-04-14T15:44:11","modified_gmt":"2026-04-14T15:44:11","slug":"foto-%e2%9f%a9-lielvardes-baze-nolaidusies-francijas-iznicinataji-rafale-2","status":"publish","type":"post","link":"https:\/\/www.europesays.com\/lv\/178684\/","title":{"rendered":"FOTO \u27e9 Lielv\u0101rdes b\u0101z\u0113 nolaidu\u0161ies Francijas izn\u012bcin\u0101t\u0101ji &#8220;Rafale&#8221;"},"content":{"rendered":"<p class=\"x_MsoNormal\">Pas\u0101kum\u0101 piedal\u012bj\u0101s Latvijas Republikas Ministru prezidente Evika Sili\u0146a, aizsardz\u012bbas ministrs Andris Spr\u016bds, \u0101rlietu ministre Baiba Bra\u017ee un Francijas Republikas v\u0113stnieks Latvij\u0101 Manuels Lafons Rapnuijs. T\u0101pat pas\u0101kumu apmekl\u0113ja Nacion\u0101lo bru\u0146oto sp\u0113ku komandieris \u0123ener\u0101lmajors Kaspars Pud\u0101ns, <a href=\"https:\/\/www.tvnet.lv\/term\/9898\/nato\" class=\"topicLink\" target=\"_blank\" rel=\"nofollow noopener\">NATO<\/a> valstu v\u0113stnieki, aizsardz\u012bbas ata\u0161eji un Gaisa sp\u0113ku vad\u012bba.<\/p>\n<p class=\"x_MsoNormal\">&#8220;Francijas izn\u012bcin\u0101t\u0101ju kl\u0101tb\u016btne Lielv\u0101rd\u0113 ir skaidrs apliecin\u0101jums NATO sabiedroto solidarit\u0101tei un nelok\u0101mai ap\u0146\u0113m\u012bbai aizsarg\u0101t katru alianses teritorijas centimetru. Laik\u0101, kad Krievija turpina karu Ukrain\u0101, m\u016bsu gaisa telpas dro\u0161\u012bba ir absol\u016bta priorit\u0101te. T\u0101p\u0113c augstu nov\u0113rt\u0113jam sabiedroto neatsveramo ieguld\u012bjumu Baltijas re\u0123iona dro\u0161\u012bbas stiprin\u0101\u0161an\u0101,\u201d uzsver aizsardz\u012bbas ministrs Andris Spr\u016bds.<\/p>\n<p class=\"x_MsoNormal\">Jau zi\u0146ots, ka \u0161\u012b gada 1. apr\u012bl\u012b Francijas Gaisa sp\u0113ki \u0160au\u013cos p\u0101r\u0146\u0113ma NATO Baltijas gaisa telpas patrul\u0113\u0161anas misijas vad\u012bbu, nomainot Sp\u0101nijas Gaisa sp\u0113ku kontingentu. Francijas izn\u012bcin\u0101t\u0101ji \u201cRafale\u201d \u0161obr\u012bd nodro\u0161ina Baltijas gaisa telpas aizsardz\u012bbu, lai nekav\u0113joties rea\u0123\u0113tu uz NATO gaisa telpas p\u0101rk\u0101pumiem. NATO gaisa telpas patrul\u0113\u0161ana ir nep\u0101rtraukts uzdevums, ko veic vair\u0101kas dal\u012bbvalstis, tostarp <a href=\"https:\/\/www.tvnet.lv\/term\/555453\/francija\" class=\"topicLink\" target=\"_blank\" rel=\"nofollow noopener\">Francija<\/a>.<\/p>\n<p class=\"x_MsoNormal\">NATO dal\u012bbvalstis Latvijas, Lietuvas un Igaunijas gaisa telpas patrul\u0113\u0161anu rot\u0101cijas k\u0101rt\u012bb\u0101 veic no 2004. gada marta, kad Baltijas valstis tika uz\u0146emtas alians\u0113.<\/p>\n<p class=\"x_MsoNormal\">krievijai turpinot karu Ukrain\u0101, Baltijas valst\u012bs izvietotie sabiedroto izn\u012bcin\u0101t\u0101ji ne tikai rea\u0123\u0113 uz krievijas milit\u0101ro lidapar\u0101tu nelikum\u012bgu ielido\u0161anu Baltijas valstu gaisa telp\u0101, bet ar\u012b patrul\u0113 gaisa telp\u0101 krievijas un Baltkrievijas robe\u017eas tuvum\u0101.<\/p>\n<p class=\"x_MsoNormal\">NATO Baltijas gaisa telpas patrul\u0113\u0161anas misija apliecina NATO dal\u012bbvalstu gatav\u012bbu efekt\u012bvi sadarboties, koordin\u0113t savas sp\u0113jas un \u012bstenot kop\u012bgas m\u0101c\u012bbas, lai stiprin\u0101tu alianses kl\u0101tb\u016btni re\u0123iona un kolekt\u012bvo aizsardz\u012bbu NATO l\u012bguma ietvaros.<\/p>\n","protected":false},"excerpt":{"rendered":"Pas\u0101kum\u0101 piedal\u012bj\u0101s Latvijas Republikas Ministru prezidente Evika Sili\u0146a, aizsardz\u012bbas ministrs Andris Spr\u016bds, \u0101rlietu ministre Baiba Bra\u017ee un Francijas&hellip;\n","protected":false},"author":2,"featured_media":178449,"comment_status":"","ping_status":"","sticky":false,"template":"","format":"standard","meta":{"footnotes":"","_share_on_mastodon":"0"},"categories":[5],"tags":[23,28,29,32,33,1309,22,30,31,35,39,38,36,37,34,34158,40,71,20,26,27,24,25,21],"class_list":["post-178684","post","type-post","status-publish","format-standard","has-post-thumbnail","category-aktualitates","tag-aktualitates","tag-breaking-news","tag-breakingnews","tag-featured-news","tag-featurednews","tag-francija","tag-headlines","tag-latest-news","tag-latestnews","tag-latvia","tag-latvian","tag-latviesu","tag-latviesu-valoda","tag-latviesuvaloda","tag-latvija","tag-lielvarde","tag-lv","tag-nato","tag-news","tag-popularakas-zinas","tag-popularakaszinas","tag-top-stories","tag-topstories","tag-zinas"],"share_on_mastodon":{"url":"https:\/\/pubeurope.com\/@lv\/116403834930908994","error":""},"_links":{"self":[{"href":"https:\/\/www.europesays.com\/lv\/wp-json\/wp\/v2\/posts\/178684","targetHints":{"allow":["GET"]}}],"collection":[{"href":"https:\/\/www.europesays.com\/lv\/wp-json\/wp\/v2\/posts"}],"about":[{"href":"https:\/\/www.europesays.com\/lv\/wp-json\/wp\/v2\/types\/post"}],"author":[{"embeddable":true,"href":"https:\/\/www.europesays.com\/lv\/wp-json\/wp\/v2\/users\/2"}],"replies":[{"embeddable":true,"href":"https:\/\/www.europesays.com\/lv\/wp-json\/wp\/v2\/comments?post=178684"}],"version-history":[{"count":0,"href":"https:\/\/www.europesays.com\/lv\/wp-json\/wp\/v2\/posts\/178684\/revisions"}],"wp:featuredmedia":[{"embeddable":true,"href":"https:\/\/www.europesays.com\/lv\/wp-json\/wp\/v2\/media\/178449"}],"wp:attachment":[{"href":"https:\/\/www.europesays.com\/lv\/wp-json\/wp\/v2\/media?parent=178684"}],"wp:term":[{"taxonomy":"category","embeddable":true,"href":"https:\/\/www.europesays.com\/lv\/wp-json\/wp\/v2\/categories?post=178684"},{"taxonomy":"post_tag","embeddable":true,"href":"https:\/\/www.europesays.com\/lv\/wp-json\/wp\/v2\/tags?post=178684"}],"curies":[{"name":"wp","href":"https:\/\/api.w.org\/{rel}","templated":true}]}}