{"id":178780,"date":"2026-04-14T18:34:09","date_gmt":"2026-04-14T18:34:09","guid":{"rendered":"https:\/\/www.europesays.com\/lv\/178780\/"},"modified":"2026-04-14T18:34:09","modified_gmt":"2026-04-14T18:34:09","slug":"pasmaju-klasiskas-muzikas-huligani-dagamba-dodas-pie-klausitajiem-ar-jaunu-albumu-un-koncertturi","status":"publish","type":"post","link":"https:\/\/www.europesays.com\/lv\/178780\/","title":{"rendered":"Pa\u0161m\u0101ju klasisk\u0101s m\u016bzikas hulig\u0101ni DAGAMBA dodas pie klaus\u012bt\u0101jiem ar jaunu albumu un koncertt\u016bri"},"content":{"rendered":"<p>T\u016bre turpin\u0101s jau \u0161o sestdien, 18. apr\u012bl\u012b R\u0113zekn\u0113, koncertz\u0101l\u0113 \u201cGors\u201d, un turpm\u0101kajos m\u0113ne\u0161os aptvers v\u0113l vair\u0101kas Latvijas pils\u0113tas.<\/p>\n<p>\u201cM\u0113s savienojam \u0161\u0137ietami nesavienojamas pasaules \u2013 Mocartu un Metallicu. Veidojot \u0161o albumu, saprat\u0101m, ka t\u0101 nav tikai savien\u012bba \u2013 t\u0101 ir piln\u012bgi jauna pasaule un st\u0101sts, ko esam rad\u012bju\u0161i. Ar nepaciet\u012bbu gaid\u0101m tik\u0161anos ar klaus\u012bt\u0101jiem koncertos,\u201d st\u0101sta <a href=\"https:\/\/sejas.tvnet.lv\/term\/556682\/dagamba\" class=\"topicLink\" target=\"_blank\" rel=\"nofollow noopener\">Dagamba<\/a>.<\/p>\n<p>\u0160odien pie klaus\u012bt\u0101jiem non\u0101k ar\u012b grupas jaun\u0101kais albums \u201cMozartallica\u201d, kas ir jau sept\u012btais grupas ieraksts. Dagamba ir paz\u012bstami ar drosm\u012bgu klasisk\u0101s un popul\u0101r\u0101s m\u016bzikas sapludin\u0101\u0161anu, ko papildina ori\u0123in\u0101lm\u016bzika un unik\u0101las idejas. Sav\u0101s interpret\u0101cij\u0101s grupa rada jaunu, m\u016bsdien\u012bgu skan\u0113jumu gan labi zin\u0101miem autoru darbiem, gan ori\u0123in\u0101lkompoz\u012bcij\u0101m.<\/p>\n<p>\u201cIerakstu proces\u0101 mums vienm\u0113r ir \u013coti svar\u012bga ska\u0146as kvalit\u0101te, t\u0101p\u0113c r\u016bp\u012bgi str\u0101d\u0101j\u0101m, katru instrumentu ierakstot tam atbilsto\u0161os akustikas apst\u0101k\u013cos. Kopum\u0101 t\u0101s bija \u010detras ierakstu studijas, kur c\u012bt\u012bgi darboj\u0101mies, lai sasniegtu lab\u0101kos rezult\u0101tus. Par ska\u0146as p\u0113capstr\u0101di varam pateikties m\u016bsu lieliskajiem partneriem Somij\u0101!\u201d st\u0101sta grupas dal\u012bbnieki.<\/p>\n<p>Jaun\u0101 koncertprogramma \u201cMozartallica\u201d tika atkl\u0101ta 11. apr\u012bl\u012b C\u0113s\u012bs, un turpin\u0101jum\u0101 gaid\u0101mi <a href=\"https:\/\/sejas.tvnet.lv\/term\/562956\/koncerti\" class=\"topicLink\" target=\"_blank\" rel=\"nofollow noopener\">koncerti<\/a>:<\/p>\n<p>\u00b7 R\u0113zekn\u0113 \u2013 18. apr\u012bl\u012b<\/p>\n<p>\u00b7 Ventspil\u012b \u2013 25. apr\u012bl\u012b<\/p>\n<p>\u00b7 Liep\u0101j\u0101 \u2013 9. maij\u0101<\/p>\n<p>\u00b7 Jelgav\u0101 \u2013 6. j\u016bnij\u0101<\/p>\n<p>Koncertt\u016bre nosl\u0113gsies ar \u012bpa\u0161i v\u0113rien\u012bgu koncert\u0161ovu gada izska\u0146\u0101 \u2013 19. decembr\u012b \u201cXiaomi Ar\u0113n\u0101\u201d, kur kop\u0101 ar DAGAMBA uz skatuves k\u0101ps Latvijas Nacion\u0101lais simfoniskais or\u0137estris. Bi\u013cetes uz koncertiem pieejamas \u201cBi\u013ce\u0161u Parad\u012bze\u201d kas\u0113s un tie\u0161saist\u0113: www.bilesuparadize.lv.<\/p>\n","protected":false},"excerpt":{"rendered":"T\u016bre turpin\u0101s jau \u0161o sestdien, 18. apr\u012bl\u012b R\u0113zekn\u0113, koncertz\u0101l\u0113 \u201cGors\u201d, un turpm\u0101kajos m\u0113ne\u0161os aptvers v\u0113l vair\u0101kas Latvijas pils\u0113tas.&hellip;\n","protected":false},"author":2,"featured_media":178781,"comment_status":"","ping_status":"","sticky":false,"template":"","format":"standard","meta":{"footnotes":"","_share_on_mastodon":"0"},"categories":[19],"tags":[101,89,90,2017,35,39,38,36,37,34,40],"class_list":["post-178780","post","type-post","status-publish","format-standard","has-post-thumbnail","category-izklaide","tag-dagamba","tag-entertainment","tag-izklaide","tag-koncerti","tag-latvia","tag-latvian","tag-latviesu","tag-latviesu-valoda","tag-latviesuvaloda","tag-latvija","tag-lv"],"share_on_mastodon":{"url":"https:\/\/pubeurope.com\/@lv\/116404503536305370","error":""},"_links":{"self":[{"href":"https:\/\/www.europesays.com\/lv\/wp-json\/wp\/v2\/posts\/178780","targetHints":{"allow":["GET"]}}],"collection":[{"href":"https:\/\/www.europesays.com\/lv\/wp-json\/wp\/v2\/posts"}],"about":[{"href":"https:\/\/www.europesays.com\/lv\/wp-json\/wp\/v2\/types\/post"}],"author":[{"embeddable":true,"href":"https:\/\/www.europesays.com\/lv\/wp-json\/wp\/v2\/users\/2"}],"replies":[{"embeddable":true,"href":"https:\/\/www.europesays.com\/lv\/wp-json\/wp\/v2\/comments?post=178780"}],"version-history":[{"count":0,"href":"https:\/\/www.europesays.com\/lv\/wp-json\/wp\/v2\/posts\/178780\/revisions"}],"wp:featuredmedia":[{"embeddable":true,"href":"https:\/\/www.europesays.com\/lv\/wp-json\/wp\/v2\/media\/178781"}],"wp:attachment":[{"href":"https:\/\/www.europesays.com\/lv\/wp-json\/wp\/v2\/media?parent=178780"}],"wp:term":[{"taxonomy":"category","embeddable":true,"href":"https:\/\/www.europesays.com\/lv\/wp-json\/wp\/v2\/categories?post=178780"},{"taxonomy":"post_tag","embeddable":true,"href":"https:\/\/www.europesays.com\/lv\/wp-json\/wp\/v2\/tags?post=178780"}],"curies":[{"name":"wp","href":"https:\/\/api.w.org\/{rel}","templated":true}]}}