{"id":17941,"date":"2025-10-10T19:59:15","date_gmt":"2025-10-10T19:59:15","guid":{"rendered":"https:\/\/www.europesays.com\/lv\/17941\/"},"modified":"2025-10-10T19:59:15","modified_gmt":"2025-10-10T19:59:15","slug":"intimas-skanu-ainavas-un-pasaules-zvaigznes-lente-lv","status":"publish","type":"post","link":"https:\/\/www.europesays.com\/lv\/17941\/","title":{"rendered":"Int\u012bmas ska\u0146u ainavas un pasaules zvaigznes\u00a0\u2014\u00a0Lente.lv"},"content":{"rendered":"<p>Rudens kamerm\u016bzikas festiv\u0101ls atgrie\u017eas R\u012bg\u0101 un J\u016brmal\u0101 ar int\u012bmu ska\u0146u pasauli<\/p>\n<p>\u0160\u012b gada oktobris sola \u012bpa\u0161u muzik\u0101lu baud\u012bjumu Latvijas galvaspils\u0113t\u0101 un k\u016brortpils\u0113t\u0101 J\u016brmal\u0101, jo no 9. l\u012bdz 24. oktobrim norisin\u0101sies nu jau tradicion\u0101lais un iem\u012b\u013cotais \u201cRudens kamerm\u016bzikas festiv\u0101ls\u201d. \u0160is pas\u0101kums, kas nu jau kop\u0161 1993. gada ie\u0146em noz\u012bm\u012bgu vietu Latvijas kult\u016bras ainav\u0101, pied\u0101v\u0101s klaus\u012bt\u0101jiem neaizmirstamu ce\u013cojumu kamerm\u016bzikas pasaul\u0113, pulc\u0113jot gan spo\u017eus pa\u0161m\u0101ju, gan starptautiski atz\u012btus m\u0101ksliniekus. Festiv\u0101la moto \u201ct\u00eate-\u00e0-t\u00eate\u201d jeb \u201csaruna divat\u0101\u201d lieliski raksturo t\u0101 b\u016bt\u012bbu \u2013 int\u012bmo gaisotni un dzi\u013co dialogu, kas veidojas starp m\u016bzi\u0137iem un klaus\u012bt\u0101jiem, radot personisku un emocion\u0101lu pieredzi. \u0160\u012b gada festiv\u0101ls sola \u012bpa\u0161u kaisl\u012bbu un meistar\u012bbas pilnu baud\u012bjumu, \u013caujot iegrimt ska\u0146u ainav\u0101s, kas sp\u0113j aizkustin\u0101t l\u012bdz sirds dzi\u013cumiem.<\/p>\n<p>V\u0113sturiskais mantojums un m\u016bsdienu skan\u0113jums<\/p>\n<p>\u201cRudens kamerm\u016bzikas festiv\u0101ls\u201d ir vair\u0101k nek\u0101 tikai koncertu virkne; tas ir kult\u016bras fenomens, kas sak\u0146ojas lab\u0101kaj\u0101s V\u012bnes un Zalcburgas kamerm\u016bzikas trad\u012bcij\u0101s, vienlaikus atkl\u0101jot ar\u012b m\u016bsdienu rad\u012bt\u0101ju spo\u017eumu. S\u0101kotn\u0113ji kamerm\u016bzika att\u012bst\u012bj\u0101s k\u0101 int\u012bma m\u016bzika aristokr\u0101tu salonos un amatnieku m\u0101jok\u013cos, radot cie\u0161u saikni starp izpild\u012bt\u0101jiem un klaus\u012bt\u0101jiem. \u0160\u012b trad\u012bcija tiek godin\u0101ta ar\u012b m\u016bsdien\u0101s, pied\u0101v\u0101jot ne tikai klasiskus \u0161edevrus, bet ar\u012b inovat\u012bvus projektus, kas veidoti da\u017e\u0101du m\u0101kslu sint\u0113z\u0113, un \u013caujot izjust m\u016bziku jaun\u0101, aizraujo\u0161\u0101 veid\u0101.<\/p>\n<p>Starptautiskas zvaigznes un latvie\u0161u talanti<\/p>\n<p>Festiv\u0101la atkl\u0101\u0161an\u0101 9. oktobr\u012b Latvijas Universit\u0101tes Lielaj\u0101 aul\u0101 publiku priec\u0113s harizm\u0101tiskais v\u0101cu m\u016bzi\u0137is J\u0113rgs Vidmanis kop\u0101 ar kameror\u0137estri \u201cSinfonietta R\u012bga\u201d. Vidmanis demonstr\u0113s savu daudzpus\u012bbu gan k\u0101 komponists, gan klarnetists, gan diri\u0123ents, izpildot Volfganga Amadeja Mocarta, Ludviga van B\u0113thovena, Roberta \u0160\u016bma\u0146a, \u0160\u0101ndora Vere\u0161a un savus ska\u0146darbus, apliecinot V\u012bnes klasikas sp\u0113ku un m\u016bsdienu komponistu novatorismu. Uzman\u012bbas centr\u0101 b\u016bs ar\u012b pasaulslaven\u0101 v\u0101cu vijolniece Izabella Fausta, kuras sniegums ir ieguvis atzin\u012bbu ar \u201cGramophone Award 2024\u201d un \u201cOpus Klassik 2024\u201d balv\u0101m. Vi\u0146as virtuoza meistar\u012bba un dzi\u013cais emocion\u0101lais p\u0101rdz\u012bvojums, atska\u0146ojot Johana Sebastiana Baha Son\u0101tes un partitas vijolei, k\u013c\u016bs par vienu no festiv\u0101la spilgt\u0101kajiem notikumiem.<\/p>\n<p>Festiv\u0101l\u0101 piedal\u012bsies ar\u012b Lietuvas \u201c\u010cur\u013co\u0146a st\u012bgu kvartets\u201d, godinot izcil\u0101 lietuvie\u0161u m\u0101kslinieka un komponista Mikaloja Konstantina \u010cur\u013co\u0146a 150. jubileju. Savuk\u0101rt latvie\u0161u izcilie m\u016bzi\u0137i, kuri sniegs savu ieguld\u012bjumu festiv\u0101la spo\u017eum\u0101, ir operdzied\u0101t\u0101ja Inga Kalna, kura kop\u0101 ar pianisti Di\u0101nu Ketleri iepaz\u012bstin\u0101s ar reti dzird\u0113t\u0101m kamerm\u016bzikas p\u0113rl\u0113m, tostarp Riharda V\u0101gnera, Franciska Lista un Arnolfa \u0160\u0113nberga darbiem. Viens no daudzsolo\u0161\u0101kajiem jaun\u0101s paaudzes pianistiem Daumants Liepi\u0146\u0161 10. oktobr\u012b Dzintaru koncertz\u0101les Mazaj\u0101 z\u0101l\u0113 sniegs solokoncertu, kur\u0101 skan\u0113s Fran\u010da Lista, Kloda Debis\u012b, Semjuela B\u0101rbera un Ludviga van B\u0113ternsona ska\u0146darbi. Pianiste Agnese Egli\u0146a un klarnetists Guntis Kuzma aicina uz int\u012bm\u0101m \u201cNakts sarun\u0101m\u201d, pied\u0101v\u0101jot gan latvie\u0161u, gan pasaules komponistu jaundarbus.<\/p>\n<p>Piedz\u012bvojums un p\u0101rdz\u012bvojums ska\u0146u pasaul\u0113<\/p>\n<p>\u0160is festiv\u0101ls ir aicin\u0101jums katram apmekl\u0113t\u0101jam piedz\u012bvot kamerm\u016bziku k\u0101 dzi\u013ci personisku un emocion\u0101lu ce\u013cojumu. Katrs ska\u0146darbs, katrs izpild\u012bjums ir k\u0101 st\u0101sts, kas atkl\u0101jas klaus\u012bt\u0101ja sird\u012b. K\u0101 uzsv\u0113ris viens no festiv\u0101la patrons, komponists P\u0113teris Vasks, m\u016bzikas pieredz\u0113 svar\u012bgs ir gan pats \u201cpiedz\u012bvojums\u201d, gan ar\u012b dzi\u013c\u0101kais \u201cp\u0101rdz\u012bvojums\u201d, kas \u013cauj iejusties ska\u0146darba b\u016bt\u012bb\u0101. \u201cRudens kamerm\u016bzikas festiv\u0101ls\u201d tie\u0161i to ar\u012b pied\u0101v\u0101 \u2013 iesp\u0113ju ne tikai baud\u012bt augst\u0101k\u0101s raudzes m\u0101kslu, bet ar\u012b emocion\u0101li un intelektu\u0101li bag\u0101tin\u0101ties, atkl\u0101jot sev\u012b jaunas nianses un saj\u016btas. Tas ir aicin\u0101jums apst\u0101ties ikdienas steig\u0101 un \u013cauties m\u016bzikas burv\u012bbai, kas sp\u0113j uzl\u0101d\u0113t dv\u0113seli un sniegt mieru.<\/p>\n<p>Norises vietas \u2013 elegances un v\u0113stures piesk\u0101riens<\/p>\n<p>Koncerti notiks R\u012bgas elegantaj\u0101s koncertz\u0101l\u0113s, tostarp Latvijas Universit\u0101tes Lielaj\u0101 aul\u0101, Mazaj\u0101 \u0123ild\u0113 un Sp\u012b\u0137eru koncertz\u0101l\u0113, k\u0101 ar\u012b J\u016brmalas Dzintaru koncertz\u0101les Mazaj\u0101 z\u0101l\u0113. Katra no \u0161\u012bm viet\u0101m pie\u0161\u0137ir savu unik\u0101lo auru un v\u0113sturisko piesk\u0101rienu, radot \u012bpa\u0161u atmosf\u0113ru klaus\u012bt\u0101jiem. \u0160\u012bs norises vietas ir r\u016bp\u012bgi izv\u0113l\u0113tas, lai papildin\u0101tu kamerm\u016bzikas intimit\u0101ti un sniegtu neaizmirstamu iespaidu. T\u0101s ir vietas, kur v\u0113sture satiekas ar m\u016bsdien\u0101m, kur klasisk\u0101 m\u016bzika atdz\u012bvojas ar jaunu sp\u0113ku.<\/p>\n","protected":false},"excerpt":{"rendered":"Rudens kamerm\u016bzikas festiv\u0101ls atgrie\u017eas R\u012bg\u0101 un J\u016brmal\u0101 ar int\u012bmu ska\u0146u pasauli \u0160\u012b gada oktobris sola \u012bpa\u0161u muzik\u0101lu baud\u012bjumu&hellip;\n","protected":false},"author":2,"featured_media":17942,"comment_status":"","ping_status":"","sticky":false,"template":"","format":"standard","meta":{"footnotes":""},"categories":[19],"tags":[89,90,114,5763,2017,35,39,38,36,37,34,40,172,5761],"class_list":{"0":"post-17941","1":"post","2":"type-post","3":"status-publish","4":"format-standard","5":"has-post-thumbnail","7":"category-izklaide","8":"tag-entertainment","9":"tag-izklaide","10":"tag-jurmala","11":"tag-kamermuzika","12":"tag-koncerti","13":"tag-latvia","14":"tag-latvian","15":"tag-latviesu","16":"tag-latviesu-valoda","17":"tag-latviesuvaloda","18":"tag-latvija","19":"tag-lv","20":"tag-riga","21":"tag-rudens-kamermuzikas-festivals"},"share_on_mastodon":{"url":"","error":""},"_links":{"self":[{"href":"https:\/\/www.europesays.com\/lv\/wp-json\/wp\/v2\/posts\/17941","targetHints":{"allow":["GET"]}}],"collection":[{"href":"https:\/\/www.europesays.com\/lv\/wp-json\/wp\/v2\/posts"}],"about":[{"href":"https:\/\/www.europesays.com\/lv\/wp-json\/wp\/v2\/types\/post"}],"author":[{"embeddable":true,"href":"https:\/\/www.europesays.com\/lv\/wp-json\/wp\/v2\/users\/2"}],"replies":[{"embeddable":true,"href":"https:\/\/www.europesays.com\/lv\/wp-json\/wp\/v2\/comments?post=17941"}],"version-history":[{"count":0,"href":"https:\/\/www.europesays.com\/lv\/wp-json\/wp\/v2\/posts\/17941\/revisions"}],"wp:featuredmedia":[{"embeddable":true,"href":"https:\/\/www.europesays.com\/lv\/wp-json\/wp\/v2\/media\/17942"}],"wp:attachment":[{"href":"https:\/\/www.europesays.com\/lv\/wp-json\/wp\/v2\/media?parent=17941"}],"wp:term":[{"taxonomy":"category","embeddable":true,"href":"https:\/\/www.europesays.com\/lv\/wp-json\/wp\/v2\/categories?post=17941"},{"taxonomy":"post_tag","embeddable":true,"href":"https:\/\/www.europesays.com\/lv\/wp-json\/wp\/v2\/tags?post=17941"}],"curies":[{"name":"wp","href":"https:\/\/api.w.org\/{rel}","templated":true}]}}