{"id":17947,"date":"2025-10-10T20:06:24","date_gmt":"2025-10-10T20:06:24","guid":{"rendered":"https:\/\/www.europesays.com\/lv\/17947\/"},"modified":"2025-10-10T20:06:24","modified_gmt":"2025-10-10T20:06:24","slug":"latvijas-kausa-finala-iekluvusi-auda-skiras-no-galvena-trenera-kalna-futbols-sportacentrs-com","status":"publish","type":"post","link":"https:\/\/www.europesays.com\/lv\/17947\/","title":{"rendered":"Latvijas kausa fin\u0101l\u0101 iek\u013cuvus\u012b &#8220;Auda&#8221; \u0161\u0137iras no galven\u0101 trenera Kalna \u2013 Futbols \u2013 Sportacentrs.com"},"content":{"rendered":"<p>Reiz\u0113 ar Jur\u0123i Kalnu komandu pametis vi\u0146a asistents Ren\u0101rs Rode un v\u0101rtsargu treneris Entonijs Makmalens. Vi\u0146i &#8220;Audai&#8221; pievienoj\u0101s pirms \u0161\u012bs sezonas.<\/p>\n<p>&#8220;Auda&#8221; sv\u0113tdien ar 0:1 izbraukum\u0101 piek\u0101p\u0101s tie\u0161ajai konkurentei &#8220;Daugavpilij&#8221;. Latgales klubs ar 46 punktiem ie\u0146em ceturto vietu, bet Kalna l\u012bdz \u0161im vad\u012bt\u0101 komanda ar 44 punktiem ir piekt\u0101. Virsl\u012bgas sezon\u0101 v\u0113l paliku\u0161as \u010detras sp\u0113les.<\/p>\n<p>Savuk\u0101rt Latvijas kausa pusfin\u0101l\u0101 ar 2:0 izdev\u0101s pieveikt RFS un sasniegt tre\u0161o fin\u0101lu \u010detru gadu. C\u012b\u0146\u0101 par trofeju 30. oktobr\u012b pret\u012b st\u0101sies Virsl\u012bgas l\u012bdere &#8220;Riga&#8221;. Uzvara \u013caus &#8220;Audai&#8221; nopeln\u012bt Eirokausu ce\u013caz\u012bmi, bet zaud\u0113juma gad\u012bjum\u0101 Eirokausiem b\u016bs nepiecie\u0161ama Virsl\u012bgas ceturt\u0101 vieta.<\/p>\n<p>Kalns pirms &#8220;Audas&#8221; p\u0101r\u0146em\u0161anas str\u0101d\u0101ja Kambod\u017e\u0101, bet pirms do\u0161an\u0101s uz \u0100ziju vad\u012bja &#8220;Valmieru&#8221;, 2022. gad\u0101 izc\u012bnot Virsl\u012bgas titulu.<\/p>\n<p>Kopv\u0113rt\u0113jums<\/p>\n<tr>VKlubsSUNZV\u0101rtiP<\/tr>\n<tr class=\"even\">\n<td>1.<\/td>\n<td>Riga FC<\/td>\n<td class=\"ralign\">32<\/td>\n<td class=\"ralign\">26<\/td>\n<td class=\"ralign\">5<\/td>\n<td class=\"ralign\">1<\/td>\n<td class=\"ralign\">80:21<\/td>\n<td class=\"ralign\">83<\/td>\n<\/tr>\n<tr class=\"odd\">\n<td>2.<\/td>\n<td>FC RFS<\/td>\n<td class=\"ralign\">32<\/td>\n<td class=\"ralign\">24<\/td>\n<td class=\"ralign\">3<\/td>\n<td class=\"ralign\">5<\/td>\n<td class=\"ralign\">84:33<\/td>\n<td class=\"ralign\">75<\/td>\n<\/tr>\n<tr class=\"even\">\n<td>3.<\/td>\n<td>FK Liep\u0101ja<\/td>\n<td class=\"ralign\">32<\/td>\n<td class=\"ralign\">16<\/td>\n<td class=\"ralign\">6<\/td>\n<td class=\"ralign\">10<\/td>\n<td class=\"ralign\">53:47<\/td>\n<td class=\"ralign\">54<\/td>\n<\/tr>\n<tr class=\"odd\">\n<td>4.<\/td>\n<td>BFC Daugavpils<\/td>\n<td class=\"ralign\">32<\/td>\n<td class=\"ralign\">13<\/td>\n<td class=\"ralign\">7<\/td>\n<td class=\"ralign\">12<\/td>\n<td class=\"ralign\">48:55<\/td>\n<td class=\"ralign\">46<\/td>\n<\/tr>\n<tr class=\"even\">\n<td>5.<\/td>\n<td>FK Auda<\/td>\n<td class=\"ralign\">32<\/td>\n<td class=\"ralign\">13<\/td>\n<td class=\"ralign\">5<\/td>\n<td class=\"ralign\">14<\/td>\n<td class=\"ralign\">39:41<\/td>\n<td class=\"ralign\">44<\/td>\n<\/tr>\n<tr class=\"odd\">\n<td>6.<\/td>\n<td>FS Jelgava<\/td>\n<td class=\"ralign\">32<\/td>\n<td class=\"ralign\">8<\/td>\n<td class=\"ralign\">9<\/td>\n<td class=\"ralign\">15<\/td>\n<td class=\"ralign\">34:41<\/td>\n<td class=\"ralign\">34<\/td>\n<\/tr>\n<tr class=\"even\">\n<td>7.<\/td>\n<td>FK Tukums 2000<\/td>\n<td class=\"ralign\">32<\/td>\n<td class=\"ralign\">8<\/td>\n<td class=\"ralign\">7<\/td>\n<td class=\"ralign\">17<\/td>\n<td class=\"ralign\">35:58<\/td>\n<td class=\"ralign\">31<\/td>\n<\/tr>\n<tr class=\"odd\">\n<td>8.<\/td>\n<td>FK Grobi\u0146a<\/td>\n<td class=\"ralign\">32<\/td>\n<td class=\"ralign\">8<\/td>\n<td class=\"ralign\">5<\/td>\n<td class=\"ralign\">19<\/td>\n<td class=\"ralign\">30:56<\/td>\n<td class=\"ralign\">29<\/td>\n<\/tr>\n<tr class=\"even\">\n<td>9.<\/td>\n<td>SK Super Nova<\/td>\n<td class=\"ralign\">32<\/td>\n<td class=\"ralign\">5<\/td>\n<td class=\"ralign\">12<\/td>\n<td class=\"ralign\">15<\/td>\n<td class=\"ralign\">38:51<\/td>\n<td class=\"ralign\">27<\/td>\n<\/tr>\n<tr class=\"odd\">\n<td>10.<\/td>\n<td>FK Metta<\/td>\n<td class=\"ralign\">32<\/td>\n<td class=\"ralign\">6<\/td>\n<td class=\"ralign\">6<\/td>\n<td class=\"ralign\">20<\/td>\n<td class=\"ralign\">31:68<\/td>\n<td class=\"ralign\">24<\/td>\n<\/tr>\n","protected":false},"excerpt":{"rendered":"Reiz\u0113 ar Jur\u0123i Kalnu komandu pametis vi\u0146a asistents Ren\u0101rs Rode un v\u0101rtsargu treneris Entonijs Makmalens. Vi\u0146i &#8220;Audai&#8221; pievienoj\u0101s&hellip;\n","protected":false},"author":2,"featured_media":17948,"comment_status":"","ping_status":"","sticky":false,"template":"","format":"standard","meta":{"footnotes":""},"categories":[17],"tags":[676,35,39,38,36,37,34,40,67],"class_list":{"0":"post-17947","1":"post","2":"type-post","3":"status-publish","4":"format-standard","5":"has-post-thumbnail","7":"category-sports","8":"tag-futbols","9":"tag-latvia","10":"tag-latvian","11":"tag-latviesu","12":"tag-latviesu-valoda","13":"tag-latviesuvaloda","14":"tag-latvija","15":"tag-lv","16":"tag-sports"},"share_on_mastodon":{"url":"","error":""},"_links":{"self":[{"href":"https:\/\/www.europesays.com\/lv\/wp-json\/wp\/v2\/posts\/17947","targetHints":{"allow":["GET"]}}],"collection":[{"href":"https:\/\/www.europesays.com\/lv\/wp-json\/wp\/v2\/posts"}],"about":[{"href":"https:\/\/www.europesays.com\/lv\/wp-json\/wp\/v2\/types\/post"}],"author":[{"embeddable":true,"href":"https:\/\/www.europesays.com\/lv\/wp-json\/wp\/v2\/users\/2"}],"replies":[{"embeddable":true,"href":"https:\/\/www.europesays.com\/lv\/wp-json\/wp\/v2\/comments?post=17947"}],"version-history":[{"count":0,"href":"https:\/\/www.europesays.com\/lv\/wp-json\/wp\/v2\/posts\/17947\/revisions"}],"wp:featuredmedia":[{"embeddable":true,"href":"https:\/\/www.europesays.com\/lv\/wp-json\/wp\/v2\/media\/17948"}],"wp:attachment":[{"href":"https:\/\/www.europesays.com\/lv\/wp-json\/wp\/v2\/media?parent=17947"}],"wp:term":[{"taxonomy":"category","embeddable":true,"href":"https:\/\/www.europesays.com\/lv\/wp-json\/wp\/v2\/categories?post=17947"},{"taxonomy":"post_tag","embeddable":true,"href":"https:\/\/www.europesays.com\/lv\/wp-json\/wp\/v2\/tags?post=17947"}],"curies":[{"name":"wp","href":"https:\/\/api.w.org\/{rel}","templated":true}]}}