{"id":179686,"date":"2026-04-16T02:14:22","date_gmt":"2026-04-16T02:14:22","guid":{"rendered":"https:\/\/www.europesays.com\/lv\/179686\/"},"modified":"2026-04-16T02:14:22","modified_gmt":"2026-04-16T02:14:22","slug":"ukraina-sobrid-ir-specigaka-pozicija-sava-vesture-lente-lv","status":"publish","type":"post","link":"https:\/\/www.europesays.com\/lv\/179686\/","title":{"rendered":"Ukraina \u0161obr\u012bd ir sp\u0113c\u012bg\u0101k\u0101 poz\u012bcij\u0101 sav\u0101 v\u0113stur\u0113\u00a0\u2014\u00a0Lente.lv"},"content":{"rendered":"<p>Ukrainas karav\u012bri labi nodro\u0161in\u0101ti ar bru\u0146ojumu<\/p>\n<p>Ukrainas prezidents Volodimirs Zelenskis pazi\u0146ojis, ka pirmo reizi valsts v\u0113stur\u0113 karav\u012briem un sabiedr\u012bbai ir pietiekams bru\u0146ojuma l\u012bmenis, lai efekt\u012bvi aizsarg\u0101tos pret Krievijas triecieniem. K\u0101 inform\u0113 port\u0101ls jauns.lv, Zelenskis uzsv\u0113ra, ka \u0161obr\u012bd Ukraina atrodas sp\u0113c\u012bg\u0101k\u0101 poz\u012bcij\u0101 nek\u0101 jebkad iepriek\u0161, ieskaitot pag\u0101tnes v\u0113sturiskos periodus, piem\u0113ram, 2014. gadu vai pat 20. gadsimtu. Vi\u0146\u0161 nor\u0101d\u012bja, ka Ukrainai ir izdevies iztur\u0113t pilna m\u0113roga karu un t\u0101 sp\u0113j aizst\u0101v\u0113ties ar cie\u0146u un moderniem l\u012bdzek\u013ciem, vienlaikus saglab\u0101jot sp\u0113ju veikt oper\u0101cijas ar\u012b ienaidnieka teritorij\u0101.<\/p>\n<p>Kara situ\u0101cijas att\u012bst\u012bba un Ukrainas pan\u0101kumi<\/p>\n<p>Neskatoties uz Krievijas s\u0101kotn\u0113jo pilna m\u0113roga iebrukumu, Ukrainas armijai ir izdevies ne tikai aptur\u0113t agresoru, bet ar\u012b veikt pretuzbrukumus. P\u0113d\u0113j\u0101 laik\u0101 ir zi\u0146ots par Ukrainas bru\u0146oto sp\u0113ku taktisko uzlabojumu vair\u0101kos frontes sektoros, piespie\u017eot Krievijas vien\u012bbas atk\u0101pties no atsevi\u0161\u0137\u0101m poz\u012bcij\u0101m. Lai gan Ukrainas pretuzbrukuma oper\u0101cijas s\u0101k\u0101s v\u0113l\u0101k nek\u0101 s\u0101kotn\u0113ji pl\u0101nots, da\u013c\u0113ji nepietiekam\u0101 bru\u0146ojuma un apm\u0101c\u012bto karav\u012bru tr\u016bkuma d\u0113\u013c, kas \u013c\u0101va Krievijai izveidot sp\u0113c\u012bgas aizsardz\u012bbas l\u012bnijas un m\u012bn\u0113t teritorijas, Ukrainas sp\u0113ki turpina virz\u012bbu.<\/p>\n<p>Krievijas zaud\u0113jumi un Ukrainas uzbrukumi<\/p>\n<p>Ukrainas armijas \u0123ener\u0101l\u0161t\u0101bs zi\u0146o par iev\u0113rojamiem Krievijas karasp\u0113ka dz\u012bv\u0101 sp\u0113ka zaud\u0113jumiem, kas l\u012bdz \u0161\u012b gada apr\u012b\u013ca vidum sasniegu\u0161i vair\u0101k nek\u0101 1,3 miljonus karav\u012bru. Vienlaikus ir inform\u0101cija, ka Ukrainas droni veiku\u0161i uzbrukumus Krievijas teritorij\u0101, piem\u0113ram, m\u0113r\u0137\u0113jot \u0137\u012bmisko r\u016bpn\u012bcu \u010cerepovec\u0101.<\/p>\n<p>Perspekt\u012bvas un iesp\u0113jamie kara nosl\u0113guma scen\u0101riji<\/p>\n<p>Lai gan Ukrainas prezidents pau\u017e optimismu par valsts sp\u0113ku un bru\u0146ojuma l\u012bmeni, anal\u012bti\u0137i pied\u0101v\u0101 da\u017e\u0101dus scen\u0101rijus kara n\u0101kotnei. Da\u017ei prognoz\u0113, ka kar\u0161 turpin\u0101sies k\u0101 izs\u012bkuma kar\u0161 ar nerezultat\u012bv\u0101m sarun\u0101m, citi nor\u0101da uz Ukrainas armijas iesp\u0113jamo v\u0101jin\u0101\u0161anos cilv\u0113kresursu tr\u016bkuma d\u0113\u013c. Tiek izskat\u012bta ar\u012b iesp\u0113ja, ka kar\u0161 var\u0113tu nosl\u0113gties tuv\u0101kaj\u0101 laik\u0101, ta\u010du l\u012bdz 2026. gada beig\u0101m t\u0101 izbeig\u0161an\u0101s ir maz ticama. Lai gan Krievija strat\u0113\u0123iski v\u0113las pak\u013caut Ukrainu, past\u0101v ar\u012b viedoklis, ka Krievija pati v\u0113las izbeigt karu un ka sarunas virz\u0101s uz mierm\u012bl\u012bgu risin\u0101jumu.<\/p>\n","protected":false},"excerpt":{"rendered":"Ukrainas karav\u012bri labi nodro\u0161in\u0101ti ar bru\u0146ojumu Ukrainas prezidents Volodimirs Zelenskis pazi\u0146ojis, ka pirmo reizi valsts v\u0113stur\u0113 karav\u012briem un&hellip;\n","protected":false},"author":2,"featured_media":179687,"comment_status":"","ping_status":"","sticky":false,"template":"","format":"standard","meta":{"footnotes":"","_share_on_mastodon":"0"},"categories":[14],"tags":[23,57,28,29,9482,32,33,22,34384,2406,30,31,35,39,38,36,37,34,40,20,26,27,24,25,14388,178,54,55,56,21,58],"class_list":["post-179686","post","type-post","status-publish","format-standard","has-post-thumbnail","category-zinas-no-arvalstim","tag-aktualitates","tag-arvalstim","tag-breaking-news","tag-breakingnews","tag-brunojums","tag-featured-news","tag-featurednews","tag-headlines","tag-kara-situacija","tag-krievijas-agresija","tag-latest-news","tag-latestnews","tag-latvia","tag-latvian","tag-latviesu","tag-latviesu-valoda","tag-latviesuvaloda","tag-latvija","tag-lv","tag-news","tag-popularakas-zinas","tag-popularakaszinas","tag-top-stories","tag-topstories","tag-ukrainas-armija","tag-volodimirs-zelenskis","tag-world","tag-world-news","tag-worldnews","tag-zinas","tag-zinas-no-arvalstim"],"share_on_mastodon":{"url":"https:\/\/pubeurope.com\/@lv\/116411974457169882","error":""},"_links":{"self":[{"href":"https:\/\/www.europesays.com\/lv\/wp-json\/wp\/v2\/posts\/179686","targetHints":{"allow":["GET"]}}],"collection":[{"href":"https:\/\/www.europesays.com\/lv\/wp-json\/wp\/v2\/posts"}],"about":[{"href":"https:\/\/www.europesays.com\/lv\/wp-json\/wp\/v2\/types\/post"}],"author":[{"embeddable":true,"href":"https:\/\/www.europesays.com\/lv\/wp-json\/wp\/v2\/users\/2"}],"replies":[{"embeddable":true,"href":"https:\/\/www.europesays.com\/lv\/wp-json\/wp\/v2\/comments?post=179686"}],"version-history":[{"count":0,"href":"https:\/\/www.europesays.com\/lv\/wp-json\/wp\/v2\/posts\/179686\/revisions"}],"wp:featuredmedia":[{"embeddable":true,"href":"https:\/\/www.europesays.com\/lv\/wp-json\/wp\/v2\/media\/179687"}],"wp:attachment":[{"href":"https:\/\/www.europesays.com\/lv\/wp-json\/wp\/v2\/media?parent=179686"}],"wp:term":[{"taxonomy":"category","embeddable":true,"href":"https:\/\/www.europesays.com\/lv\/wp-json\/wp\/v2\/categories?post=179686"},{"taxonomy":"post_tag","embeddable":true,"href":"https:\/\/www.europesays.com\/lv\/wp-json\/wp\/v2\/tags?post=179686"}],"curies":[{"name":"wp","href":"https:\/\/api.w.org\/{rel}","templated":true}]}}