{"id":179733,"date":"2026-04-16T04:05:21","date_gmt":"2026-04-16T04:05:21","guid":{"rendered":"https:\/\/www.europesays.com\/lv\/179733\/"},"modified":"2026-04-16T04:05:21","modified_gmt":"2026-04-16T04:05:21","slug":"dagamba-ar-mozartallica-turneju-ieskandina-latvija-ar-izpardotiem-koncertiem-cesis-lente-lv","status":"publish","type":"post","link":"https:\/\/www.europesays.com\/lv\/179733\/","title":{"rendered":"\u201eDagamba\u201c ar \u201eMozartallica\u201c turneju ieskandina Latvij\u0101 ar izp\u0101rdotiem koncertiem C\u0113s\u012bs\u00a0\u2014\u00a0Lente.lv"},"content":{"rendered":"<p>Koncertu virkne vis\u0101 Latvij\u0101<\/p>\n<p>Latvie\u0161u m\u016bzikas grupa \u201eDagamba\u201c, kas paz\u012bstama ar savu drosm\u012bgo klasisk\u0101s un rokm\u016bzikas apvienojumu, uzs\u0101kusi jauno koncertu programmu un albumu \u201cMozartallica\u201d populariz\u0113jo\u0161u t\u016bri pa Latviju. T\u016bre tika ieskandin\u0101ta ar diviem piln\u012bb\u0101 izp\u0101rdotiem koncertiem C\u0113su koncertz\u0101l\u0113 \u0161\u012b gada 11. apr\u012bl\u012b. K\u0101 inform\u0113 port\u0101ls jauns.lv, \u0161is ir pirmais solis jaunaj\u0101 koncertu cikl\u0101, kas ietvers vair\u0101kus Latvijas liel\u0101kos koncertus.<\/p>\n<p>\u201eMozartallica\u201d programmas pamat\u0101 ir Volfganga Amadeja Mocarta un pasaulslaven\u0101s rokgrupas \u201eMetallica\u201d m\u016bzikas sapl\u016b\u0161ana unik\u0101l\u0101 \u201eDagambas\u201d interpret\u0101cij\u0101. Grupa, kas sevi d\u0113v\u0113 par \u201eklasisk\u0101s m\u016bzikas hulig\u0101niem\u201d, ir rad\u012bjusi pieredzi, kas p\u0101rk\u0101pj \u017eanru robe\u017eas, apvienojot akad\u0113miski izgl\u012btotu m\u016bzi\u0137u b\u0113rn\u012bbas sap\u0146us par \u201eMetallica\u201d koncertiem ar Mocarta ska\u0146darbu apguvi.<\/p>\n<p>Izaicin\u0101jums un inov\u0101cija m\u016bzik\u0101<\/p>\n<p>\u201eDagambas\u201d dal\u012bbnieki, kuri ir akad\u0113miski izgl\u012btotu m\u016bzi\u0137i, savulaik b\u0113rn\u012bb\u0101 bie\u017ei izpild\u012bju\u0161i Mocarta ska\u0146darbus, ta\u010du br\u012bvaj\u0101 laik\u0101 sap\u0146oju\u0161i par \u201eMetallica\u201d koncertiem un rokm\u016bzikas sp\u0113l\u0113\u0161anu. Jaun\u0101 programma \u201eMozartallica\u201d ir \u0161o divu m\u016bzikas pasau\u013cu satik\u0161an\u0101s, kur\u0101 Mocarta \u0123\u0113nijs un \u201eMetallica\u201d ener\u0123ija tiek savienota elpu aizraujo\u0161\u0101 koncertpieredz\u0113. \u0160is projekts apliecina \u201eDagambas\u201d sp\u0113ju rad\u012bt unik\u0101lu un sp\u0113c\u012bgu skan\u0113jumu, kas piesaista pla\u0161u auditoriju gan Latvij\u0101, gan starptautiski.<\/p>\n<p>Grupa ir zin\u0101ma ar saviem eksperimentiem da\u017e\u0101dos m\u016bzikas \u017eanros, veiksm\u012bgi apvienojot klasisk\u0101s m\u016bzikas elementus ar rokm\u016bziku, popm\u016bziku un pasaules m\u016bziku. Grupas sast\u0101v\u0101 ir \u010dellisti Valters P\u016bce un Antons Trocjuks, pianists Dainis Tenis, dubultbass sp\u0113l\u0113t\u0101ja Alise Broka un bundzinieks Art\u016brs Jermaks.<\/p>\n<p>Pla\u0161a koncertu programma un n\u0101kotnes ieceres<\/p>\n<p>P\u0113c veiksm\u012bgajiem koncertiem C\u0113s\u012bs, \u201eMozartallica\u201d t\u016bre turpin\u0101sies vis\u0101 Latvij\u0101, paredz\u0113ti koncerti ar\u012b R\u0113zekn\u0113, Ventspil\u012b, Liep\u0101j\u0101 un Jelgav\u0101. T\u016bres kulmin\u0101cija pl\u0101nota R\u012bg\u0101, \u201eXiaomi Ar\u0113n\u0101\u201d, kur \u201eDagamba\u201d uzst\u0101sies kop\u0101 ar Latvijas Nacion\u0101lo simfonisko or\u0137estri.<\/p>\n<p>\u201eDagamba\u201d ir guvusi starptautisku atzin\u012bbu, uzst\u0101joties vair\u0101k nek\u0101 15 valst\u012bs, tostarp presti\u017eajos Glastonberijas festiv\u0101l\u0101 un \u201eEurosonic\u201d konferenc\u0113. Grupa ir izdevusi se\u0161us studijas albumus, un vair\u0101ki no tiem nomin\u0113ti Latvijas m\u016bzikas balvai \u201eZelta mikrofons\u201d. Vi\u0146u albums \u201e#LudwigVanRammstein\u201d ieguva balvas nomin\u0101cij\u0101s \u201eLab\u0101kais albuma dizains\u201d un \u201eLab\u0101kais instrument\u0101l\u0101s m\u016bzikas albums\u201d.<\/p>\n<p>V\u0113sturiskie pan\u0101kumi un turpm\u0101kie m\u0113r\u0137i<\/p>\n<p>\u201eDagambai\u201d pieder ar\u012b rekords k\u0101 vien\u012bgajai Latvijas grupai, kas 2022. gad\u0101 uzst\u0101jusies \u0145ujorkas Times Square. Grupa ar\u012b sniegusi solo koncertu \u201eTown Hall\u201d te\u0101tr\u012b \u0145ujork\u0101 2024. gad\u0101 un aizvad\u012bjusi koncertt\u016bri \u0136\u012bn\u0101.<\/p>\n<p>\u0160\u012b gada 11. apr\u012bl\u012b notiku\u0161ie koncerti C\u0113s\u012bs demonstr\u0113 ne tikai grupas popularit\u0101ti, bet ar\u012b t\u0101s sp\u0113ju piesaist\u012bt pla\u0161u publiku ar inovat\u012bviem muzik\u0101liem projektiem. T\u016bre \u201eMozartallica\u201d ir apliecin\u0101jums \u201eDagambas\u201d nep\u0101rtrauktajai att\u012bst\u012bbai un v\u0113lmei iekarot jaunus muzik\u0101lus un klaus\u012bt\u0101ju horizontus.<\/p>\n","protected":false},"excerpt":{"rendered":"Koncertu virkne vis\u0101 Latvij\u0101 Latvie\u0161u m\u016bzikas grupa \u201eDagamba\u201c, kas paz\u012bstama ar savu drosm\u012bgo klasisk\u0101s un rokm\u016bzikas apvienojumu, uzs\u0101kusi&hellip;\n","protected":false},"author":2,"featured_media":179734,"comment_status":"","ping_status":"","sticky":false,"template":"","format":"standard","meta":{"footnotes":"","_share_on_mastodon":"0"},"categories":[19],"tags":[101,89,90,2527,1316,35,39,38,36,37,34,40,102,7207],"class_list":["post-179733","post","type-post","status-publish","format-standard","has-post-thumbnail","category-izklaide","tag-dagamba","tag-entertainment","tag-izklaide","tag-klasiska-muzika","tag-koncertture","tag-latvia","tag-latvian","tag-latviesu","tag-latviesu-valoda","tag-latviesuvaloda","tag-latvija","tag-lv","tag-mozartallica","tag-rokmuzika"],"share_on_mastodon":{"url":"https:\/\/pubeurope.com\/@lv\/116412411098878936","error":""},"_links":{"self":[{"href":"https:\/\/www.europesays.com\/lv\/wp-json\/wp\/v2\/posts\/179733","targetHints":{"allow":["GET"]}}],"collection":[{"href":"https:\/\/www.europesays.com\/lv\/wp-json\/wp\/v2\/posts"}],"about":[{"href":"https:\/\/www.europesays.com\/lv\/wp-json\/wp\/v2\/types\/post"}],"author":[{"embeddable":true,"href":"https:\/\/www.europesays.com\/lv\/wp-json\/wp\/v2\/users\/2"}],"replies":[{"embeddable":true,"href":"https:\/\/www.europesays.com\/lv\/wp-json\/wp\/v2\/comments?post=179733"}],"version-history":[{"count":0,"href":"https:\/\/www.europesays.com\/lv\/wp-json\/wp\/v2\/posts\/179733\/revisions"}],"wp:featuredmedia":[{"embeddable":true,"href":"https:\/\/www.europesays.com\/lv\/wp-json\/wp\/v2\/media\/179734"}],"wp:attachment":[{"href":"https:\/\/www.europesays.com\/lv\/wp-json\/wp\/v2\/media?parent=179733"}],"wp:term":[{"taxonomy":"category","embeddable":true,"href":"https:\/\/www.europesays.com\/lv\/wp-json\/wp\/v2\/categories?post=179733"},{"taxonomy":"post_tag","embeddable":true,"href":"https:\/\/www.europesays.com\/lv\/wp-json\/wp\/v2\/tags?post=179733"}],"curies":[{"name":"wp","href":"https:\/\/api.w.org\/{rel}","templated":true}]}}