{"id":17990,"date":"2025-10-10T21:39:20","date_gmt":"2025-10-10T21:39:20","guid":{"rendered":"https:\/\/www.europesays.com\/lv\/17990\/"},"modified":"2025-10-10T21:39:20","modified_gmt":"2025-10-10T21:39:20","slug":"latvija-registreti-sosezon-pirmie-gripas-slimnieki","status":"publish","type":"post","link":"https:\/\/www.europesays.com\/lv\/17990\/","title":{"rendered":"Latvij\u0101 re\u0123istr\u0113ti \u0161osezon pirmie gripas slimnieki"},"content":{"rendered":"<p>Re\u0123istr\u0113jot \u0161osezon pirmos septi\u0146us gripas slimniekus, gripas izplat\u012bba aizvad\u012btaj\u0101 ned\u0113\u013c\u0101 bijusi zem\u0101 l\u012bmen\u012b, savuk\u0101rt apstiprin\u0101to Covid-19 v\u012brusa paraugu skaits nedaudz palielin\u0101jies, a\u0123ent\u016bru LETA inform\u0113ja Slim\u012bbu profilakses un kontroles centr\u0101 (SPKC).<\/p>\n<p>Gripas monitoring\u0101 iesaist\u012btaj\u0101s ambulator\u0101s apr\u016bpes iest\u0101d\u0113s gripa kl\u012bniski noteikta septi\u0146iem pacientiem, kas veido 9,9 gad\u012bjumus uz 100 000 iedz\u012bvot\u0101ju, kas ir maz\u0101k nek\u0101 iepriek\u0161\u0113j\u0101 sezon\u0101 attiec\u012bgaj\u0101 period\u0101.<\/p>\n<p>Pieci gripas gad\u012bjumi re\u0123istr\u0113ti R\u012bg\u0101, pa vienam &#8211; Jelgav\u0101 un Daugavpil\u012b.<\/p>\n<p>Tikm\u0113r Covid-19 v\u012brusa paraugu \u012bpatsvars aizvad\u012btaj\u0101 ned\u0113\u013c\u0101 nedaudz palielin\u0101jies &#8211; no 8,9% l\u012bdz 11,4%.<\/p>\n<p>Slimn\u012bc\u0101s stacion\u0113ti 36 jauni pacienti ar Covid-19 infekciju, un kop\u0101 \u0101rst\u0113ju\u0161ies 75 pacienti. Re\u0123istr\u0113ti ar\u012b desmit n\u0101ves gad\u012bjumi pacientiem ar apstiprin\u0101tu Covid-19 infekciju.<\/p>\n<p>Kop\u0113j\u0101 ak\u016btu elpce\u013cu infekciju izplat\u012bba Latvij\u0101 joproj\u0101m ir zema. Monitoring\u0101 44 \u0123imenes \u0101rstu praks\u0113s pacientu \u012bpatsvars ar ak\u016btu elpce\u013cu infekcijas simptomiem veidoja 18% no kop\u0113j\u0101 ambulatoraj\u0101s iest\u0101d\u0113s v\u0113rsu\u0161os pacientu skaita.<\/p>\n<p>Ar cit\u0101m elpce\u013cu infekcij\u0101m ned\u0113\u013cas laik\u0101 kop\u0101 v\u0113rsu\u0161ies 856 pacienti. Pneimoniju gad\u012bjum\u0101 ambulatoraj\u0101s iest\u0101d\u0113s ned\u0113\u013cas laik\u0101 v\u0113rsu\u0161ies 30 pacienti &#8211; aptuveni divreiz maz\u0101k nek\u0101 p\u0113rn, nor\u0101da SPKC.<\/p>\n<p>Desmit monitoringa slimn\u012bc\u0101s smagu ak\u016btu respiratoru infekciju gad\u012bjumos stacion\u0113ti 135 pacienti &#8211; 3,2% no kop\u0113j\u0101 stacion\u0113to pacientu skaita. Sal\u012bdzino\u0161i p\u0113rn \u0161aj\u0101 pa\u0161\u0101 laik\u0101 \u0161is r\u0101d\u012bt\u0101js bija 4,4%.<\/p>\n<p>Liel\u0101k\u0101 da\u013ca &#8211; 43% pacientu &#8211; bija vecum\u0101 no 65 gadiem un vec\u0101ki. Savuk\u0101rt vecuma grup\u0101 no 15 l\u012bdz 64 gadiem pacientu skaits sasniedza 33%.<\/p>\n<p>Aizvad\u012btaj\u0101 ned\u0113\u013c\u0101 stacion\u0101ros 186 pacienti tika test\u0113ti uz gripu, un vien\u0101 gad\u012bjum\u0101 t\u0101 tika apstiprin\u0101ta, savuk\u0101rt 298 pacienti tika test\u0113ti uz Covid-19, no kuriem tas atkl\u0101ts 23 paraugos. T\u0101pat ar\u012b 38 pacienti tika test\u0113ti uz respiratori sinciti\u0101lo v\u012brusu, kas apstiprin\u0101ts vien\u0101 gad\u012bjum\u0101.<\/p>\n<p>Visp\u0101r\u0113j\u0101s izgl\u012bt\u012bbas iest\u0101des no 29.septembra l\u012bdz 5.oktobrim apmekl\u0113ja vid\u0113ji 93,1% skol\u0113nu, kas ir par 3,1% vair\u0101k nek\u0101 vid\u0113jais r\u0101d\u012bt\u0101js atbilsto\u0161\u0101 laika period\u0101 iepriek\u0161\u0113j\u0101 sezon\u0101, kas bija 90%. Zem\u0101kais apmekl\u0113jums re\u0123istr\u0113ts R\u0113zekn\u0113 &#8211; 82,5%. Savuk\u0101rt pirmsskolas izgl\u012bt\u012bbas iest\u0101des taj\u0101 pa\u0161\u0101 laik\u0101 apmekl\u0113ju\u0161i vid\u0113ji 70,7% b\u0113rnu, kas ir aptuveni tikpat, cik iepriek\u0161\u0113j\u0101 sezon\u0101. Zem\u0101kais apmekl\u0113jums &#8211; 55,1% &#8211; re\u0123istr\u0113ts J\u0113kabpils novad\u0101.<\/p>\n<p>K\u0101 v\u0113st\u012bts, SPKC aicina iedz\u012bvot\u0101jus apsv\u0113rt un pl\u0101not vakcin\u0101ciju pret gripu, uzsverot, ka lab\u0101kais laiks vakcin\u0113ties pret gripu ir oktobra beig\u0101s vai novembra s\u0101kum\u0101. To ieteicams dar\u012bt, lai l\u012bdz gripas epid\u0113mijas pac\u0113lumam b\u016btu izveidojusies aizsardz\u012bba un t\u0101 saglab\u0101tos vis\u0101 gripas aktivit\u0101tes laik\u0101, pau\u017e SPKC.<\/p>\n","protected":false},"excerpt":{"rendered":"Re\u0123istr\u0113jot \u0161osezon pirmos septi\u0146us gripas slimniekus, gripas izplat\u012bba aizvad\u012btaj\u0101 ned\u0113\u013c\u0101 bijusi zem\u0101 l\u012bmen\u012b, savuk\u0101rt apstiprin\u0101to Covid-19 v\u012brusa paraugu&hellip;\n","protected":false},"author":2,"featured_media":17991,"comment_status":"","ping_status":"","sticky":false,"template":"","format":"standard","meta":{"footnotes":""},"categories":[12],"tags":[129,556,23,28,29,32,33,22,30,31,35,39,38,36,37,34,40,20,26,27,557,558,24,25,21],"class_list":{"0":"post-17990","1":"post","2":"type-post","3":"status-publish","4":"format-standard","5":"has-post-thumbnail","7":"category-latvija","8":"tag-__typenameadvicekeyword","9":"tag-id1040","10":"tag-aktualitates","11":"tag-breaking-news","12":"tag-breakingnews","13":"tag-featured-news","14":"tag-featurednews","15":"tag-headlines","16":"tag-latest-news","17":"tag-latestnews","18":"tag-latvia","19":"tag-latvian","20":"tag-latviesu","21":"tag-latviesu-valoda","22":"tag-latviesuvaloda","23":"tag-latvija","24":"tag-lv","25":"tag-news","26":"tag-popularakas-zinas","27":"tag-popularakaszinas","28":"tag-slugveseliba","29":"tag-titleveseliba","30":"tag-top-stories","31":"tag-topstories","32":"tag-zinas"},"share_on_mastodon":{"url":"","error":""},"_links":{"self":[{"href":"https:\/\/www.europesays.com\/lv\/wp-json\/wp\/v2\/posts\/17990","targetHints":{"allow":["GET"]}}],"collection":[{"href":"https:\/\/www.europesays.com\/lv\/wp-json\/wp\/v2\/posts"}],"about":[{"href":"https:\/\/www.europesays.com\/lv\/wp-json\/wp\/v2\/types\/post"}],"author":[{"embeddable":true,"href":"https:\/\/www.europesays.com\/lv\/wp-json\/wp\/v2\/users\/2"}],"replies":[{"embeddable":true,"href":"https:\/\/www.europesays.com\/lv\/wp-json\/wp\/v2\/comments?post=17990"}],"version-history":[{"count":0,"href":"https:\/\/www.europesays.com\/lv\/wp-json\/wp\/v2\/posts\/17990\/revisions"}],"wp:featuredmedia":[{"embeddable":true,"href":"https:\/\/www.europesays.com\/lv\/wp-json\/wp\/v2\/media\/17991"}],"wp:attachment":[{"href":"https:\/\/www.europesays.com\/lv\/wp-json\/wp\/v2\/media?parent=17990"}],"wp:term":[{"taxonomy":"category","embeddable":true,"href":"https:\/\/www.europesays.com\/lv\/wp-json\/wp\/v2\/categories?post=17990"},{"taxonomy":"post_tag","embeddable":true,"href":"https:\/\/www.europesays.com\/lv\/wp-json\/wp\/v2\/tags?post=17990"}],"curies":[{"name":"wp","href":"https:\/\/api.w.org\/{rel}","templated":true}]}}