{"id":18000,"date":"2025-10-10T22:18:08","date_gmt":"2025-10-10T22:18:08","guid":{"rendered":"https:\/\/www.europesays.com\/lv\/18000\/"},"modified":"2025-10-10T22:18:08","modified_gmt":"2025-10-10T22:18:08","slug":"jelgava-ieziemoti-pasta-salas-pludmales-volejbola-laukumi-bet-volejbols-nav-jaatstaj-novarta-lente-lv","status":"publish","type":"post","link":"https:\/\/www.europesays.com\/lv\/18000\/","title":{"rendered":"Jelgav\u0101 ieziemoti Pasta salas pludmales volejbola laukumi, bet volejbols nav j\u0101atst\u0101j nov\u0101rt\u0101\u00a0\u2014\u00a0Lente.lv"},"content":{"rendered":"<p>Pasta salas pludmales volejbola laukumu sezona nosl\u0113gusies<\/p>\n<p>Jelgav\u0101, Pasta sal\u0101, tradicion\u0101li ir ieziemoti pludmales volejbola laukumi, iez\u012bm\u0113jot vasaras sporta sezonas beigas \u0161aj\u0101 popul\u0101raj\u0101 atp\u016btas viet\u0101. Lai gan laiks k\u013c\u016bst v\u0113s\u0101ks un lietain\u0101ks, volejbola entuziastiem ir iesp\u0113ja turpin\u0101t savu sp\u0113li ar\u012b aukstaj\u0101 sezon\u0101.<\/p>\n<p>Alternat\u012bvas ziemas volejbolam Jelgav\u0101<\/p>\n<p>Sporta servisa centra p\u0101rst\u0101vis Edgars Ludz\u012btis skaidro, ka \u0161ogad, at\u0161\u0137ir\u012bb\u0101 no iepriek\u0161\u0113j\u0101m sezon\u0101m, Pasta salas laukumos ir atst\u0101ti volejbola t\u012bklu stabi. Tas noz\u012bm\u0113, ka sp\u0113l\u0113t\u0101ji, izmantojot savus t\u012bklus, joproj\u0101m var\u0113s baud\u012bt pludmales volejbola prieku, pat v\u0113s\u0101k\u0101 laik\u0101. \u0160\u0101ds l\u0113mums pie\u0146emts, \u0146emot v\u0113r\u0101 lielo interesi par pludmales volejbolu ar\u012b rudens un ziemas sezon\u0101, kas nov\u0113rota pie Jelgavas sporta halles eso\u0161aj\u0101 laukum\u0101. Tur apr\u012bkojums uz ziemu netiek demont\u0113ts, nodro\u0161inot iesp\u0113ju sp\u0113l\u0113t visu gadu. Pasta sal\u0101 kopum\u0101 ir \u010detri pludmales volejbola laukumi, katra izm\u0113rs ir 16&#215;8 metri, un tie ir apr\u012bkoti ar met\u0101la \u017eogiem un skat\u012bt\u0101ju trib\u012bn\u0113m. Tom\u0113r, nosl\u0113dzoties akt\u012bvajai vasaras sezonai, laukumu apr\u012bkojums tiek demont\u0113ts, saglab\u0101jot tikai svar\u012bg\u0101kos elementus turpm\u0101kai izmanto\u0161anai.<\/p>\n<p>Pasta sala \u2013 daudzpus\u012bga atp\u016btas zona<\/p>\n<p>Pasta sala ir iecien\u012bta ne tikai ar saviem sporta objektiem, bet ar\u012b k\u0101 vieta da\u017e\u0101diem kult\u016bras un izklaides pas\u0101kumiem visas vasaras garum\u0101. T\u0101 ir k\u013cuvusi par noz\u012bm\u012bgu pils\u0113tas infrastrukt\u016bras da\u013cu, pied\u0101v\u0101jot pla\u0161as iesp\u0113jas gan viet\u0113jiem iedz\u012bvot\u0101jiem, gan viesiem baud\u012bt akt\u012bvu atp\u016btu un piedal\u012bties da\u017e\u0101dos pas\u0101kumos. Rekonstrukcijas rezult\u0101t\u0101 sala ir k\u013cuvusi par modernu un labiek\u0101rtotu br\u012bv\u0101 laika pavad\u012b\u0161anas centru ar promen\u0101d\u0113m, veloceli\u0146iem un cit\u0101m \u0113rt\u012bb\u0101m.<\/p>\n","protected":false},"excerpt":{"rendered":"Pasta salas pludmales volejbola laukumu sezona nosl\u0113gusies Jelgav\u0101, Pasta sal\u0101, tradicion\u0101li ir ieziemoti pludmales volejbola laukumi, iez\u012bm\u0113jot vasaras&hellip;\n","protected":false},"author":2,"featured_media":18001,"comment_status":"","ping_status":"","sticky":false,"template":"","format":"standard","meta":{"footnotes":""},"categories":[17],"tags":[1355,35,39,38,36,37,34,40,5899,564,5901,5900,67],"class_list":{"0":"post-18000","1":"post","2":"type-post","3":"status-publish","4":"format-standard","5":"has-post-thumbnail","7":"category-sports","8":"tag-jelgava","9":"tag-latvia","10":"tag-latvian","11":"tag-latviesu","12":"tag-latviesu-valoda","13":"tag-latviesuvaloda","14":"tag-latvija","15":"tag-lv","16":"tag-pasta-sala","17":"tag-pludmales-volejbols","18":"tag-rudens-aktivitates","19":"tag-sporta-sezona","20":"tag-sports"},"share_on_mastodon":{"url":"","error":""},"_links":{"self":[{"href":"https:\/\/www.europesays.com\/lv\/wp-json\/wp\/v2\/posts\/18000","targetHints":{"allow":["GET"]}}],"collection":[{"href":"https:\/\/www.europesays.com\/lv\/wp-json\/wp\/v2\/posts"}],"about":[{"href":"https:\/\/www.europesays.com\/lv\/wp-json\/wp\/v2\/types\/post"}],"author":[{"embeddable":true,"href":"https:\/\/www.europesays.com\/lv\/wp-json\/wp\/v2\/users\/2"}],"replies":[{"embeddable":true,"href":"https:\/\/www.europesays.com\/lv\/wp-json\/wp\/v2\/comments?post=18000"}],"version-history":[{"count":0,"href":"https:\/\/www.europesays.com\/lv\/wp-json\/wp\/v2\/posts\/18000\/revisions"}],"wp:featuredmedia":[{"embeddable":true,"href":"https:\/\/www.europesays.com\/lv\/wp-json\/wp\/v2\/media\/18001"}],"wp:attachment":[{"href":"https:\/\/www.europesays.com\/lv\/wp-json\/wp\/v2\/media?parent=18000"}],"wp:term":[{"taxonomy":"category","embeddable":true,"href":"https:\/\/www.europesays.com\/lv\/wp-json\/wp\/v2\/categories?post=18000"},{"taxonomy":"post_tag","embeddable":true,"href":"https:\/\/www.europesays.com\/lv\/wp-json\/wp\/v2\/tags?post=18000"}],"curies":[{"name":"wp","href":"https:\/\/api.w.org\/{rel}","templated":true}]}}