{"id":180462,"date":"2026-04-16T22:01:01","date_gmt":"2026-04-16T22:01:01","guid":{"rendered":"https:\/\/www.europesays.com\/lv\/180462\/"},"modified":"2026-04-16T22:01:01","modified_gmt":"2026-04-16T22:01:01","slug":"trampa-kriptoprojekts-world-liberty-financial-atgadina-bankrotejuso-ftx-lente-lv","status":"publish","type":"post","link":"https:\/\/www.europesays.com\/lv\/180462\/","title":{"rendered":"Trampa kriptoprojekts World Liberty Financial atg\u0101dina bankrot\u0113ju\u0161o FTX\u00a0\u2014\u00a0Lente.lv"},"content":{"rendered":"<p>Ba\u017eas par jaun\u0101 kriptoprojekta p\u0101rvald\u012bbu<\/p>\n<p>ASV eksprezidenta Donalda Trampa \u0123imenes dibin\u0101tais kriptoval\u016btu projekts World Liberty Financial (WLF) non\u0101cis kritikas krustugun\u012bs. Probl\u0113mas radu\u0161\u0101s p\u0113c tam, kad tika atkl\u0101ts, ka projekta kase izmantoja savus p\u0101rvald\u012bbas mar\u0137ierus (WLFI) vair\u0101ku miljardu dol\u0101ru v\u0113rt\u012bb\u0101 k\u0101 nodro\u0161in\u0101jumu aizdevumam stabili\u0146u veid\u0101. \u0160is aizdevums tika veikts caur ar WLF saist\u012btu decentraliz\u0113to finan\u0161u (DeFi) platformu.<\/p>\n<p>\u0160\u012b situ\u0101cija izrais\u012bjusi ba\u017eas par WLF finansi\u0101lo p\u0101rvald\u012bbu un dro\u0161\u012bbu, jo \u012bpa\u0161i \u0146emot v\u0113r\u0101 iepriek\u0161\u0113jos kriptoval\u016btu tirgus satricin\u0101jumus, ko izrais\u012bju\u0161i l\u012bdz\u012bgi gad\u012bjumi.<\/p>\n<p>Nodro\u0161in\u0101juma izmanto\u0161ana un riski<\/p>\n<p>WLF kase veica drosm\u012bgu, bet pretrun\u012bgu soli, izmantojot savus pa\u0161u izstr\u0101d\u0101tos WLFI mar\u0137ierus k\u0101 \u0137\u012blu, lai aiz\u0146emtos stabili\u0146us. Stabili\u0146i ir kriptoval\u016btas, kuru v\u0113rt\u012bba parasti ir piesaist\u012bta stabilai fiat val\u016btai, piem\u0113ram, ASV dol\u0101ram, padarot tos par pievilc\u012bgu akt\u012bvu stabilai v\u0113rt\u012bbas uzkr\u0101\u0161anai un dar\u012bjumiem kripto pasaul\u0113.<\/p>\n<p>Aizdevuma dar\u012bjums tika veikts caur DeFi platformu, kas ir saist\u012bta ar World Liberty Financial. \u0160\u0101da prakse, kur\u0101 projekta pa\u0161u mar\u0137ieri tiek izmantoti k\u0101 nodro\u0161in\u0101jums aizdevumiem t\u0101 pa\u0161a ekosist\u0113mas ietvaros, rada nopietnus riskus. Ja WLFI mar\u0137iera v\u0113rt\u012bba strauji krit\u012bsies, tas var\u0113tu izrais\u012bt autom\u0101tisku nodro\u0161in\u0101juma izp\u0101rdo\u0161anu, radot negat\u012bvu spir\u0101li un potenci\u0101li izraisot nelikvidit\u0101ti vai pat bankrotu.<\/p>\n<p>Atg\u0101din\u0101jums par FTX fiasko<\/p>\n<p>Kritiz\u0113t\u0101ji uzsver, ka \u0161\u012b situ\u0101cija p\u0101r\u0101k atg\u0101dina notikumus, kas noveda pie k\u0101dreiz vado\u0161\u0101s kriptoval\u016btu bir\u017eas FTX kraha. Ar\u012b FTX izmantoja savus FTT mar\u0137ierus necaursp\u012bd\u012bg\u0101 veid\u0101, lai nodro\u0161in\u0101tu aizdevumus un finans\u0113tu citas ar sevi saist\u012btas strukt\u016bras. \u0160\u012b prakse galu gal\u0101 izr\u0101d\u012bj\u0101s finansi\u0101li neilgtsp\u0113j\u012bga, izraisot bir\u017eas bankrotu un radot pla\u0161u kr\u012bzi kriptoval\u016btu tirg\u016b.<\/p>\n<p>&#8220;Tas viss jau ir redz\u0113ts,&#8221; koment\u0113 nozares anal\u012bti\u0137i, nor\u0101dot uz l\u012bdz\u012bb\u0101m starp WLF un FTX darb\u012bbas mode\u013ciem. Vi\u0146i pau\u017e ba\u017eas, ka WLF var\u0113tu atk\u0101rtot FTX likteni, ja netiks ieviesti stingri p\u0101rvald\u012bbas meh\u0101nismi un caursp\u012bd\u012bgums.<\/p>\n<p>WLF poz\u012bcija un turpm\u0101k\u0101 att\u012bst\u012bba<\/p>\n<p>\u0160obr\u012bd nav skaidrs, k\u0101du ofici\u0101lu atbildi World Liberty Financial sniegs uz \u0161o kritiku. Projekta dibin\u0101t\u0101ji un vad\u012bba l\u012bdz \u0161im nav sniegu\u0161i pla\u0161\u0101kus pazi\u0146ojumus par kases darb\u012bb\u0101m vai riskiem. Tom\u0113r situ\u0101cijas nopietn\u012bba liecina, ka turpm\u0101k\u0101s ned\u0113\u013cas un m\u0113ne\u0161i b\u016bs iz\u0161\u0137iro\u0161i WLF n\u0101kotnei.<\/p>\n<p>Sabiedr\u012bbas un investoru uzman\u012bba tiks piev\u0113rsta tam, vai WLF sp\u0113s atjaunot uztic\u012bbu un demonstr\u0113t atbild\u012bgu finansi\u0101lo p\u0101rvald\u012bbu, vai ar\u012b tas sekos bankrot\u0113ju\u0161\u0101 FTX ce\u013cu.<\/p>\n","protected":false},"excerpt":{"rendered":"Ba\u017eas par jaun\u0101 kriptoprojekta p\u0101rvald\u012bbu ASV eksprezidenta Donalda Trampa \u0123imenes dibin\u0101tais kriptoval\u016btu projekts World Liberty Financial (WLF) non\u0101cis&hellip;\n","protected":false},"author":2,"featured_media":180463,"comment_status":"","ping_status":"","sticky":false,"template":"","format":"standard","meta":{"footnotes":"","_share_on_mastodon":"0"},"categories":[16],"tags":[77,76,16306,34483,34484,779,35,39,38,36,37,34,40,34482],"class_list":["post-180462","post","type-post","status-publish","format-standard","has-post-thumbnail","category-bizness","tag-bizness","tag-business","tag-finansu-riski","tag-ftx","tag-kibernetiska-drosiba","tag-kriptovalutas","tag-latvia","tag-latvian","tag-latviesu","tag-latviesu-valoda","tag-latviesuvaloda","tag-latvija","tag-lv","tag-world-liberty-financial"],"share_on_mastodon":{"url":"https:\/\/pubeurope.com\/@lv\/116416639533154255","error":""},"_links":{"self":[{"href":"https:\/\/www.europesays.com\/lv\/wp-json\/wp\/v2\/posts\/180462","targetHints":{"allow":["GET"]}}],"collection":[{"href":"https:\/\/www.europesays.com\/lv\/wp-json\/wp\/v2\/posts"}],"about":[{"href":"https:\/\/www.europesays.com\/lv\/wp-json\/wp\/v2\/types\/post"}],"author":[{"embeddable":true,"href":"https:\/\/www.europesays.com\/lv\/wp-json\/wp\/v2\/users\/2"}],"replies":[{"embeddable":true,"href":"https:\/\/www.europesays.com\/lv\/wp-json\/wp\/v2\/comments?post=180462"}],"version-history":[{"count":0,"href":"https:\/\/www.europesays.com\/lv\/wp-json\/wp\/v2\/posts\/180462\/revisions"}],"wp:featuredmedia":[{"embeddable":true,"href":"https:\/\/www.europesays.com\/lv\/wp-json\/wp\/v2\/media\/180463"}],"wp:attachment":[{"href":"https:\/\/www.europesays.com\/lv\/wp-json\/wp\/v2\/media?parent=180462"}],"wp:term":[{"taxonomy":"category","embeddable":true,"href":"https:\/\/www.europesays.com\/lv\/wp-json\/wp\/v2\/categories?post=180462"},{"taxonomy":"post_tag","embeddable":true,"href":"https:\/\/www.europesays.com\/lv\/wp-json\/wp\/v2\/tags?post=180462"}],"curies":[{"name":"wp","href":"https:\/\/api.w.org\/{rel}","templated":true}]}}