{"id":18048,"date":"2025-10-11T02:47:08","date_gmt":"2025-10-11T02:47:08","guid":{"rendered":"https:\/\/www.europesays.com\/lv\/18048\/"},"modified":"2025-10-11T02:47:08","modified_gmt":"2025-10-11T02:47:08","slug":"ventspils-koncertzale-latvija-atklaj-jauno-sezonu-ar-spozu-un-daudzveidigu-programmu-lente-lv","status":"publish","type":"post","link":"https:\/\/www.europesays.com\/lv\/18048\/","title":{"rendered":"Ventspils koncertz\u0101le \u201eLatvija\u201d atkl\u0101j jauno sezonu ar spo\u017eu un daudzveid\u012bgu programmu\u00a0\u2014\u00a0Lente.lv"},"content":{"rendered":"<p>Jaun\u0101 sezona Ventspils koncertzal\u0113 \u201eLatvija\u201d sola muzik\u0101lu baud\u012bjumu un spo\u017eus atkl\u0101jumus<\/p>\n<p>Ventspils koncertz\u0101le \u201eLatvija\u201d atver durvis jaunajai sezonai, pied\u0101v\u0101jot klaus\u012bt\u0101jiem daudzveid\u012bgu un aizraujo\u0161u programmu, kas sol\u0101s piepild\u012bt rudens un ziemas vakarus ar neaizmirstamiem muzik\u0101liem notikumiem. Sezona tika atkl\u0101ta 27. septembr\u012b ar v\u0113rien\u012bgu koncertu, kur\u0101 uzst\u0101j\u0101s Latvijas Nacion\u0101lais simfoniskais or\u0137estris, Valsts Akad\u0113miskais koris \u201eLatvija\u201d un starptautiski atz\u012bti solisti, atska\u0146ojot P\u0113tera Vaska, Antonio Vivaldi, Johana Sebasti\u0101na Baha un Gabriela For\u0113 darbus.<\/p>\n<p>M\u016bzikas di\u017egari un laikmet\u012bg\u0101s ska\u0146as<\/p>\n<p>\u012apa\u0161u uzman\u012bbu \u0161oruden piev\u0113r\u0161 igau\u0146u komponista Arvo Perta 90. jubilejai. Par godu \u0161im notikumam, talant\u012bgais pianists Georgijs Osokins ir izdevis savu debijas albumu \u201eFor ARVO\u201d le\u0123end\u0101r\u0101s ierakstu komp\u0101nijas \u201eDeutsche Grammophon\u201d pasp\u0101rn\u0113. Osokins viesosies koncertz\u0101l\u0113 9. oktobr\u012b ar unik\u0101lu programmu, kur\u0101 skan\u0113s Perta ori\u0123in\u0101ldarbi un pa\u0161a pianista rad\u012btas klavieru transkripcijas. \u0160is projekts ir ne tikai apliecin\u0101jums Osokina dzi\u013cajai izpratnei par Perta dai\u013cradi, bet ar\u012b jauns skan\u0113juma mekl\u0113jums klavieru solo izpild\u012bjum\u0101.<\/p>\n<p>17. oktobr\u012b koncertz\u0101l\u0113 uzst\u0101sies godalgotais kameror\u0137estris \u201eKremerata Baltica\u201d ar solistiem, pied\u0101v\u0101jot programmu \u201eJauns un negaid\u012bts\u201d. Koncerta programm\u0101 iek\u013cauti Johana Sebasti\u0101na Baha, Feliksa Mendelszona, P\u0113tera Vaska, Me\u010dislava Veinberga, T\u0101lival\u017ea \u0136eni\u0146a un Olli Mustonena ska\u0146darbi, radot aizraujo\u0161u dialogu starp da\u017e\u0101diem laikmetiem un m\u016bzikas stiliem.<\/p>\n<p>Pianisma meistarklases un neparastas ska\u0146u ainavas<\/p>\n<p>Novembra s\u0101kum\u0101, 1. novembr\u012b, pianists Reinis Zari\u0146\u0161 iepaz\u012bstin\u0101s ar savu jauno soloprogrammu \u201eBahs un \u0160op\u0113ns\u201d. \u0160\u012b konceptu\u0101l\u0101 programma mekl\u0113 negaid\u012btas saiknes starp baroka un romantisma laikmeta m\u016bziku, atkl\u0101jot Baha un \u0160op\u0113na rado\u0161o dialogu. Zari\u0146\u0161, paz\u012bstams ar sav\u0101m drosm\u012bgaj\u0101m koncertprogramm\u0101m, izmantos divus unik\u0101lus instrumentus \u2013 \u201eSteinway\u201d koncertfl\u012b\u0123eli un D\u0101vida K\u013cavi\u0146a vertik\u0101l\u0101s koncertklavieres M470i \u2013 lai bag\u0101tin\u0101tu klaus\u012bt\u0101ju pieredzi ar daudzveid\u012bg\u0101m tembr\u0101l\u0101m nokr\u0101s\u0101m.<\/p>\n<p>Kult\u016bras daudzveid\u012bba un sv\u0113tku gaid\u012b\u0161anas prieks<\/p>\n<p>Sezona turpin\u0101s ar Ventspils kameror\u0137estra un jaukto kori \u201eVentspils\u201d programmu \u201eRuden\u012b\u201d 15. novembr\u012b, k\u0101 ar\u012b Ventspils bigbenda d\u017eeza vakaru kop\u0101 ar solistiem Pauli Saiju un Vadimu Dmitrijevu 28. novembr\u012b. Gan bigbenda, gan d\u017eeza kluba pas\u0101kumi sola dinamisku un ko\u0161u muzik\u0101lu baud\u012bjumu.<\/p>\n<p>Decembris sol\u0101s b\u016bt \u012bpa\u0161i bag\u0101ts ar notikumiem. Jau 6. decembr\u012b uz skatuves k\u0101ps pasaulslavenais mandol\u012bnists Avi Avitals un latvie\u0161u akordeoniste Ksenija Sidorova, pied\u0101v\u0101jot unik\u0101lu pasaules m\u016bzikas programmu. Vi\u0146u neparast\u0101 instrumentu saruna un kaisl\u012bg\u0101 interpret\u0101cija gaid\u0101ma k\u0101 viens no sezonas kulmin\u0101cijas punktiem.<\/p>\n<p>Ziemassv\u0113tku laiku Ventspils koncertz\u0101l\u0113 ievad\u012bs po\u013cu \u0113r\u0123elnieks Jans Bartolomejs Bok\u0161\u010da\u0146ins 14. decembr\u012b. Tam sekos sv\u0113tku koncerts \u201eN\u0101kat iek\u0161\u0101, Ziemassv\u0113tki\u201d 20. decembr\u012b ar Aiju Andrejevu, J\u0101ni Ai\u0161puru, Ventspils bigbendu un kameror\u0137estri, k\u0101 ar\u012b Ances Krauzes un Zigfr\u012bda Muktup\u0101vela sirsn\u012bg\u0101 koncertprogramma \u201eTik viegli un balti\u201d 21. decembr\u012b.<\/p>\n<p>Gadu koncertz\u0101le nosl\u0113gs 26. decembr\u012b ar iespaid\u012bgu \u201eZiemassv\u0113tku v\u012bzijas\u201d koncertu, kur\u0101 piedal\u012bsies sopr\u0101ns Per\u012bna Madefa, \u0113r\u0123elniece Liene Andreta Kalnciema un saksofonists Oskars Petrauskis. Koncert\u0101 skan\u0113s gan tradicion\u0101li Ziemassv\u0113tku kor\u0101\u013ci, gan ar\u012b \u012bpa\u0161i \u0161iem m\u0101ksliniekiem komponista \u0112rika E\u0161envalda darbi, radot dv\u0113selisku un svin\u012bgu noska\u0146u.<\/p>\n<p>Mazos m\u016bzikas cien\u012bt\u0101jus Ventspils koncertz\u0101le lutin\u0101s 29. oktobr\u012b ar koncertuzvedumu b\u0113rniem \u201eP\u0113ter\u012btis un vilks\u201d. Aizraujo\u0161\u0101 muzik\u0101l\u0101 piedz\u012bvojum\u0101 b\u0113rnus ieved\u012bs Liep\u0101jas Simfoniskais or\u0137estris diri\u0123enta Rei\u0146a Lapas vad\u012bb\u0101, uzveduma varo\u0146us atveidojot ar le\u013c\u013cu m\u0101kslu un dinamisku vizu\u0101lo noform\u0113jumu.<\/p>\n","protected":false},"excerpt":{"rendered":"Jaun\u0101 sezona Ventspils koncertzal\u0113 \u201eLatvija\u201d sola muzik\u0101lu baud\u012bjumu un spo\u017eus atkl\u0101jumus Ventspils koncertz\u0101le \u201eLatvija\u201d atver durvis jaunajai sezonai,&hellip;\n","protected":false},"author":2,"featured_media":18049,"comment_status":"","ping_status":"","sticky":false,"template":"","format":"standard","meta":{"footnotes":""},"categories":[19],"tags":[89,90,35,39,38,36,37,34,40,5497],"class_list":{"0":"post-18048","1":"post","2":"type-post","3":"status-publish","4":"format-standard","5":"has-post-thumbnail","7":"category-izklaide","8":"tag-entertainment","9":"tag-izklaide","10":"tag-latvia","11":"tag-latvian","12":"tag-latviesu","13":"tag-latviesu-valoda","14":"tag-latviesuvaloda","15":"tag-latvija","16":"tag-lv","17":"tag-ventspils-koncertzale"},"share_on_mastodon":{"url":"","error":""},"_links":{"self":[{"href":"https:\/\/www.europesays.com\/lv\/wp-json\/wp\/v2\/posts\/18048","targetHints":{"allow":["GET"]}}],"collection":[{"href":"https:\/\/www.europesays.com\/lv\/wp-json\/wp\/v2\/posts"}],"about":[{"href":"https:\/\/www.europesays.com\/lv\/wp-json\/wp\/v2\/types\/post"}],"author":[{"embeddable":true,"href":"https:\/\/www.europesays.com\/lv\/wp-json\/wp\/v2\/users\/2"}],"replies":[{"embeddable":true,"href":"https:\/\/www.europesays.com\/lv\/wp-json\/wp\/v2\/comments?post=18048"}],"version-history":[{"count":0,"href":"https:\/\/www.europesays.com\/lv\/wp-json\/wp\/v2\/posts\/18048\/revisions"}],"wp:featuredmedia":[{"embeddable":true,"href":"https:\/\/www.europesays.com\/lv\/wp-json\/wp\/v2\/media\/18049"}],"wp:attachment":[{"href":"https:\/\/www.europesays.com\/lv\/wp-json\/wp\/v2\/media?parent=18048"}],"wp:term":[{"taxonomy":"category","embeddable":true,"href":"https:\/\/www.europesays.com\/lv\/wp-json\/wp\/v2\/categories?post=18048"},{"taxonomy":"post_tag","embeddable":true,"href":"https:\/\/www.europesays.com\/lv\/wp-json\/wp\/v2\/tags?post=18048"}],"curies":[{"name":"wp","href":"https:\/\/api.w.org\/{rel}","templated":true}]}}