{"id":18060,"date":"2025-10-11T03:24:19","date_gmt":"2025-10-11T03:24:19","guid":{"rendered":"https:\/\/www.europesays.com\/lv\/18060\/"},"modified":"2025-10-11T03:24:19","modified_gmt":"2025-10-11T03:24:19","slug":"kulturas-dienas-un-izklaides-rekomendacijas-lente-lv","status":"publish","type":"post","link":"https:\/\/www.europesays.com\/lv\/18060\/","title":{"rendered":"Kult\u016bras dienas un izklaides rekomend\u0101cijas\u00a0\u2014\u00a0Lente.lv"},"content":{"rendered":"<p>\u0100frikas balss, kas iedvesmo pasauli: Kult\u016bras dienas un izklaides rekomend\u0101cijas<\/p>\n<p>\u0160oned\u0113\u013c &#8220;Kult\u016bras Diena un Izklaide&#8221; ar \u012bpa\u0161u saj\u016bsmu aicina iepaz\u012bt \u0100frikas balsi, kas sp\u0113j ne tikai iedvesmot, bet ar\u012b main\u012bt pasauli. \u0160\u012b daudzpus\u012bg\u0101 un bag\u0101t\u0101 kult\u016bra, kas izpau\u017eas m\u016bzik\u0101, m\u0101ksl\u0101, literat\u016br\u0101 un ikdienas dz\u012bv\u0113, pied\u0101v\u0101 unik\u0101lu perspekt\u012bvu un dzi\u013cumu, ko ir v\u0113rts izbaud\u012bt.<\/p>\n<p>M\u016bzikas ritmi un dv\u0113seles vibr\u0101cijas<\/p>\n<p>\u0100frikas m\u016bzika ir dz\u012bva, pulss\u0113jo\u0161a un emocion\u0101li pies\u0101tin\u0101ta. T\u0101 sp\u0113j aizraut klaus\u012bt\u0101ju ar sav\u0101m neatk\u0101rtojamaj\u0101m ritmu kombin\u0101cij\u0101m un dziesmu st\u0101stiem, kas bie\u017ei vien atspogu\u013co gan prieku, gan s\u0101pes, gan cer\u012bbas. Neatkar\u012bgi no t\u0101, vai t\u0101 ir tradicion\u0101la cil\u0161u m\u016bzika vai moderni \u0100frikas ritmi, kas iekaroju\u0161i pasaules topus, \u0161ie ska\u0146darbi pied\u0101v\u0101 autentisku pieredzi. Iesak\u0101m piev\u0113rst uzman\u012bbu jaunajiem m\u016bzi\u0137iem, kuri izmanto tradicion\u0101l\u0101s ska\u0146as, lai rad\u012btu kaut ko piln\u012bgi jaunu un negaid\u012btu. Vi\u0146u darbos bie\u017ei vien j\u016btama dzi\u013ca cie\u0146a pret sakn\u0113m, vienlaikus pied\u0101v\u0101jot svaigu, glob\u0101lu pieeju.<\/p>\n<p>M\u0101kslas un st\u0101stu audekls<\/p>\n<p>\u0100frikas m\u0101ksla ir tikpat daudzveid\u012bga k\u0101 kontinents pats. No kr\u0101sainiem audumiem un sare\u017e\u0123\u012bt\u0101m skulpt\u016br\u0101m l\u012bdz m\u016bsdienu glezniec\u012bbai un fotogr\u0101fijai \u2013 katrs darbs st\u0101sta savu st\u0101stu. M\u0101kslinieki bie\u017ei vien iedzi\u013cin\u0101s v\u0113stures, soci\u0101lo probl\u0113mu un ikdienas dz\u012bves t\u0113m\u0101s, radot darbus, kas liek aizdom\u0101ties un izj\u016bt\u0113t. \u0160\u012bs vizu\u0101l\u0101s izpausmes ir k\u0101 durvis uz \u0100frikas dv\u0113seli, \u013caujot mums saskat\u012bt pasauli no citas perspekt\u012bvas. Daudzi jaunie \u0100frikas m\u0101kslinieki izmanto savu dai\u013cradi, lai run\u0101tu par svar\u012bgiem sabiedr\u012bbas jaut\u0101jumiem, pie\u0161\u0137irot m\u0101kslai sp\u0113c\u012bgu soci\u0101lu dimensiju. Vi\u0146u drosme un ori\u0123inalit\u0101te ir patie\u0161\u0101m apbr\u012bnojama.<\/p>\n<p>Literat\u016bras lappuses un atzi\u0146u dzi\u013cums<\/p>\n<p>\u0100frikas literat\u016bra ir pasaules literat\u016bras lepnums. Rakstnieki no visas kontinenta izmanto v\u0101rdus, lai atkl\u0101tu sare\u017e\u0123\u012btas cilv\u0113ku attiec\u012bbas, politiskos notikumus un personiskos p\u0101rdz\u012bvojumus. Gr\u0101matas ir k\u0101 ce\u013cve\u017ei, kas m\u016bs ved cauri \u0100frikas v\u0113sturei un m\u016bsdien\u0101m, sniedzot ieskatu kult\u016bras nians\u0113s un sabiedr\u012bbas att\u012bst\u012bb\u0101. Iegremd\u0113jieties rom\u0101nos, dzejo\u013cos un \u012bsprozas darbos, kas ir ieguvu\u0161i starptautisku atzin\u012bbu, un atkl\u0101jiet autorus, kuru st\u0101sti paliks j\u016bsu sird\u012b ilgi p\u0113c gr\u0101matas aizv\u0113r\u0161anas. Vi\u0146u prasme veidot valodu un atkl\u0101t cilv\u0113cisk\u0101s emocijas ir patiesi meistar\u012bga.<\/p>\n<p>Iedvesma un ietekme uz pasauli<\/p>\n<p>\u0100frikas balss nav tikai par skaistumu un m\u0101kslu; t\u0101 ir ar\u012b par sp\u0113ku, iztur\u012bbu un nep\u0101rtrauktu v\u0113lmi p\u0113c p\u0101rmai\u0146\u0101m. Daudzi \u0100frikas l\u012bderi, m\u0101kslinieki un dom\u0101t\u0101ji ir ietekm\u0113ju\u0161i glob\u0101l\u0101s tendences, rosin\u0101ju\u0161i diskusijas un iedvesmoju\u0161i kust\u012bbas, kas cen\u0161as veidot lab\u0101ku n\u0101kotni. \u0160is kontinent\u0101l\u0101s ietekmes sp\u0113ks ir j\u016btams visur, kur vien tiek piev\u0113rsta uzman\u012bba \u0100frikas inov\u0101cij\u0101m un idej\u0101m. Ir aizraujo\u0161i sekot l\u012bdzi tam, k\u0101 jaun\u0101s paaudzes \u0100frikas intelektu\u0101\u013ci un uz\u0146\u0113m\u0113ji akt\u012bvi iesaist\u0101s glob\u0101l\u0101s probl\u0113mu risin\u0101\u0161an\u0101, pied\u0101v\u0101jot inovat\u012bvus risin\u0101jumus un jaunas perspekt\u012bvas. Vi\u0146u optimismam un darb\u012bgumam nav robe\u017eu.<\/p>\n","protected":false},"excerpt":{"rendered":"\u0100frikas balss, kas iedvesmo pasauli: Kult\u016bras dienas un izklaides rekomend\u0101cijas \u0160oned\u0113\u013c &#8220;Kult\u016bras Diena un Izklaide&#8221; ar \u012bpa\u0161u saj\u016bsmu&hellip;\n","protected":false},"author":2,"featured_media":18061,"comment_status":"","ping_status":"","sticky":false,"template":"","format":"standard","meta":{"footnotes":""},"categories":[19],"tags":[5921,89,2861,90,35,39,38,36,37,34,5922,40,2286,103],"class_list":{"0":"post-18060","1":"post","2":"type-post","3":"status-publish","4":"format-standard","5":"has-post-thumbnail","7":"category-izklaide","8":"tag-afrikas-kultura","9":"tag-entertainment","10":"tag-iedvesma","11":"tag-izklaide","12":"tag-latvia","13":"tag-latvian","14":"tag-latviesu","15":"tag-latviesu-valoda","16":"tag-latviesuvaloda","17":"tag-latvija","18":"tag-literatura","19":"tag-lv","20":"tag-maksla","21":"tag-muzika"},"share_on_mastodon":{"url":"","error":""},"_links":{"self":[{"href":"https:\/\/www.europesays.com\/lv\/wp-json\/wp\/v2\/posts\/18060","targetHints":{"allow":["GET"]}}],"collection":[{"href":"https:\/\/www.europesays.com\/lv\/wp-json\/wp\/v2\/posts"}],"about":[{"href":"https:\/\/www.europesays.com\/lv\/wp-json\/wp\/v2\/types\/post"}],"author":[{"embeddable":true,"href":"https:\/\/www.europesays.com\/lv\/wp-json\/wp\/v2\/users\/2"}],"replies":[{"embeddable":true,"href":"https:\/\/www.europesays.com\/lv\/wp-json\/wp\/v2\/comments?post=18060"}],"version-history":[{"count":0,"href":"https:\/\/www.europesays.com\/lv\/wp-json\/wp\/v2\/posts\/18060\/revisions"}],"wp:featuredmedia":[{"embeddable":true,"href":"https:\/\/www.europesays.com\/lv\/wp-json\/wp\/v2\/media\/18061"}],"wp:attachment":[{"href":"https:\/\/www.europesays.com\/lv\/wp-json\/wp\/v2\/media?parent=18060"}],"wp:term":[{"taxonomy":"category","embeddable":true,"href":"https:\/\/www.europesays.com\/lv\/wp-json\/wp\/v2\/categories?post=18060"},{"taxonomy":"post_tag","embeddable":true,"href":"https:\/\/www.europesays.com\/lv\/wp-json\/wp\/v2\/tags?post=18060"}],"curies":[{"name":"wp","href":"https:\/\/api.w.org\/{rel}","templated":true}]}}