{"id":180680,"date":"2026-04-17T08:21:09","date_gmt":"2026-04-17T08:21:09","guid":{"rendered":"https:\/\/www.europesays.com\/lv\/180680\/"},"modified":"2026-04-17T08:21:09","modified_gmt":"2026-04-17T08:21:09","slug":"dzivs-vai-tomer-miris-policija-lidz-sim-veikusi-ap-30-rusina-meklesanas-pasakumus-meza-un-upe","status":"publish","type":"post","link":"https:\/\/www.europesays.com\/lv\/180680\/","title":{"rendered":"Dz\u012bvs vai tom\u0113r miris? Policija l\u012bdz \u0161im veikusi ap 30 Rusi\u0146a mekl\u0113\u0161anas pas\u0101kumus me\u017e\u0101 un up\u0113"},"content":{"rendered":"<p>Policij\u0101 apliecin\u0101ja, ka joproj\u0101m tiek izmekl\u0113tas abas versijas, proti, versija, ka vi\u0146\u0161 ir miris, tom\u0113r vienlaikus versija, ka vi\u0146\u0161 ir dz\u012bvs.<\/p>\n<p>&#8220;Rusi\u0146a mekl\u0113\u0161anas pas\u0101kumi nav p\u0101rtraukti. \u0160aj\u0101 laik\u0101 ir veikts apjom\u012bgs darbs, lai noskaidrotu vi\u0146a atra\u0161an\u0101s vietu. Ir \u012bstenota ar\u012b starptautisk\u0101 sadarb\u012bba, taj\u0101 skait\u0101 p\u0101rbaudot inform\u0101ciju par vi\u0146a atra\u0161anos \u0101rzem\u0113s, kas l\u012bdz \u0161im nav apstiprin\u0101jusies,&#8221; uzsv\u0113ra policij\u0101.<\/p>\n<p>T\u0101pat veikti ap 30 mekl\u0113\u0161anas pas\u0101kumi me\u017ea mas\u012bv\u0101 un upes gultn\u0113, turkl\u0101t \u0161\u0101das p\u0101rbaudes pl\u0101notas ar\u012b dr\u012bzum\u0101. T\u0101pat tiek veiktas citas izmekl\u0113\u0161anas un krimin\u0101lprocesu\u0101l\u0101s darb\u012bbas.<\/p>\n<p>\u0145emot v\u0113r\u0101, ka izmekl\u0113\u0161ana turpin\u0101s, patlaban pla\u0161\u0101kus koment\u0101rus policij\u0101 nesniedza.<\/p>\n<p>Jau zi\u0146ots, ka 2023. gada 16. apr\u012bl\u012b J\u0113kabpils novad\u0101 sava b\u0113rna un m\u0101tes acu priek\u0161\u0101 tika nogalin\u0101ta 1983. gad\u0101 dzimusi sieviete. Slepkav\u012bbu pastr\u0101d\u0101ja vi\u0146as biju\u0161ais v\u012brs Rusi\u0146\u0161, kur\u0161 m\u0113ne\u0161iem ilgi sievietei draud\u0113ja un vi\u0146u vaj\u0101ja. Par to regul\u0101ri tika zi\u0146ots policijai, bet sieviete pasarg\u0101ta netika. Rusi\u0146am bija 19 krimin\u0101lprocesi, no kuriem 18 par to, ka vi\u0146\u0161 nepilda l\u0113mumu par aizsardz\u012bbu pret vardarb\u012bbu.<\/p>\n","protected":false},"excerpt":{"rendered":"Policij\u0101 apliecin\u0101ja, ka joproj\u0101m tiek izmekl\u0113tas abas versijas, proti, versija, ka vi\u0146\u0161 ir miris, tom\u0113r vienlaikus versija, ka&hellip;\n","protected":false},"author":2,"featured_media":180681,"comment_status":"","ping_status":"","sticky":false,"template":"","format":"standard","meta":{"footnotes":"","_share_on_mastodon":"0"},"categories":[5],"tags":[23,28,29,32,33,22,30,31,35,39,38,36,37,34,40,20,295,26,27,595,24,25,138,21],"class_list":["post-180680","post","type-post","status-publish","format-standard","has-post-thumbnail","category-aktualitates","tag-aktualitates","tag-breaking-news","tag-breakingnews","tag-featured-news","tag-featurednews","tag-headlines","tag-latest-news","tag-latestnews","tag-latvia","tag-latvian","tag-latviesu","tag-latviesu-valoda","tag-latviesuvaloda","tag-latvija","tag-lv","tag-news","tag-noziegums","tag-popularakas-zinas","tag-popularakaszinas","tag-slepkaviba","tag-top-stories","tag-topstories","tag-valsts-policija","tag-zinas"],"share_on_mastodon":{"url":"https:\/\/pubeurope.com\/@lv\/116419080104924624","error":""},"_links":{"self":[{"href":"https:\/\/www.europesays.com\/lv\/wp-json\/wp\/v2\/posts\/180680","targetHints":{"allow":["GET"]}}],"collection":[{"href":"https:\/\/www.europesays.com\/lv\/wp-json\/wp\/v2\/posts"}],"about":[{"href":"https:\/\/www.europesays.com\/lv\/wp-json\/wp\/v2\/types\/post"}],"author":[{"embeddable":true,"href":"https:\/\/www.europesays.com\/lv\/wp-json\/wp\/v2\/users\/2"}],"replies":[{"embeddable":true,"href":"https:\/\/www.europesays.com\/lv\/wp-json\/wp\/v2\/comments?post=180680"}],"version-history":[{"count":0,"href":"https:\/\/www.europesays.com\/lv\/wp-json\/wp\/v2\/posts\/180680\/revisions"}],"wp:featuredmedia":[{"embeddable":true,"href":"https:\/\/www.europesays.com\/lv\/wp-json\/wp\/v2\/media\/180681"}],"wp:attachment":[{"href":"https:\/\/www.europesays.com\/lv\/wp-json\/wp\/v2\/media?parent=180680"}],"wp:term":[{"taxonomy":"category","embeddable":true,"href":"https:\/\/www.europesays.com\/lv\/wp-json\/wp\/v2\/categories?post=180680"},{"taxonomy":"post_tag","embeddable":true,"href":"https:\/\/www.europesays.com\/lv\/wp-json\/wp\/v2\/tags?post=180680"}],"curies":[{"name":"wp","href":"https:\/\/api.w.org\/{rel}","templated":true}]}}