{"id":18090,"date":"2025-10-11T04:48:04","date_gmt":"2025-10-11T04:48:04","guid":{"rendered":"https:\/\/www.europesays.com\/lv\/18090\/"},"modified":"2025-10-11T04:48:04","modified_gmt":"2025-10-11T04:48:04","slug":"emocionali-%e2%9f%a9-pirmo-reizi-princis-viljams-intervija-izplust-asaras","status":"publish","type":"post","link":"https:\/\/www.europesays.com\/lv\/18090\/","title":{"rendered":"EMOCION\u0100LI \u27e9 Pirmo reizi princis Viljams intervij\u0101 izpl\u016bst asar\u0101s"},"content":{"rendered":"<p>Sarunas laik\u0101 Riana st\u0101sta, ko vi\u0146a v\u0113l\u0113tos teikt savam v\u012bram: \u201cK\u0101p\u0113c tu nerun\u0101ji ar mani? Vi\u0146\u0161 ir palaidis gar\u0101m tik daudz prieka\u2026 un m\u0113s b\u016btu tiku\u0161i tam p\u0101ri. Tas ir pats s\u0101p\u012bg\u0101kais \u2014 m\u0113s b\u016btu tiku\u0161i gal\u0101.\u201d<\/p>\n<p><a href=\"https:\/\/www.tvnet.lv\/term\/555538\/princis-viljams\" class=\"topicLink\" target=\"_blank\" rel=\"nofollow noopener\">Princis Viljams<\/a> iepauz\u0113, nov\u0113r\u0161as, berz\u0113 zodu, un vi\u0146a acis apsarkst. Riana, to pamanot, klusi jaut\u0101: \u201cVai ar tevi viss k\u0101rt\u012bb\u0101?\u201d<\/p>\n<p>Viljams pieskaras vi\u0146as rokai un \u010dukst: \u201cPiedod. Vienk\u0101r\u0161i\u2026 ir gr\u016bti uzdot \u0161\u0101dus jaut\u0101jumus.\u201d<\/p>\n<p>Riana vi\u0146u mierina: \u201cN\u0113, viss labi. Tev ir b\u0113rni\u2026 un tu pats esi piedz\u012bvojis zaud\u0113jumu.\u201d Vi\u0146a piebilst: \u201cDz\u012bve var mest priek\u0161\u0101 \u0161ausm\u012bgus p\u0101rbaud\u012bjumus, bet, run\u0101jot par to, saglab\u0101jot cer\u012bbu, m\u0113s varam turpin\u0101t.\u201d<\/p>\n<p>Viljams atbild: \u201cLab\u0101kais veids, k\u0101 nov\u0113rst pa\u0161n\u0101v\u012bbu, ir par to run\u0101t. Run\u0101t laikus, run\u0101t ar saviem tuvajiem, ar tiem, kuriem uzticies. Paldies, ka par to run\u0101.\u201d<\/p>\n<p>Tas ir \u013coti cilv\u0113c\u012bgs un patiesi aizkustino\u0161s br\u012bdis \u2013 nevis ide\u0101la publiska fig\u016bra no karalisk\u0101s \u0123imenes, bet cilv\u0113ks, kur\u0161 l\u012bdzp\u0101rdz\u012bvo un izj\u016bt smagumu kop\u0101 ar sarunu biedri.<\/p>\n<p>\u0160is mirklis atg\u0101dina, ka ar\u012b kara\u013cnama p\u0101rst\u0101vji ir tikai cilv\u0113ki \u2013 un ka atkl\u0101t\u012bba, l\u012bdzj\u016bt\u012bba un saruna var gl\u0101bt dz\u012bv\u012bbas.<\/p>\n<blockquote class=\"twitter-tweet\" data-media-max-width=\"560\">\n<p lang=\"en\" dir=\"ltr\">TW: Suicide and the death of a child.<\/p>\n<p>In 2012, Rhian&#8217;s one-year-old son died suddenly. Five days later, her husband Paul tragically took his own life.<\/p>\n<p>Talking about suicide is essential to prevent it. Thank you to Rhian and her family for sharing their story.<\/p>\n<p>\u25b6\ufe0f Watch the full\u2026 <a href=\"https:\/\/t.co\/U2fYYG1y3e\" rel=\"nofollow\">pic.twitter.com\/U2fYYG1y3e<\/a><\/p>\n<p>\u2014 The Prince and Princess of Wales (@KensingtonRoyal) <a href=\"https:\/\/twitter.com\/KensingtonRoyal\/status\/1976513444393148651?ref_src=twsrc%5Etfw\" rel=\"nofollow noopener\" target=\"_blank\">October 10, 2025<\/a><\/p><\/blockquote>\n<p><script async src=\"https:\/\/platform.twitter.com\/widgets.js\" charset=\"utf-8\"><\/script><\/p>\n","protected":false},"excerpt":{"rendered":"Sarunas laik\u0101 Riana st\u0101sta, ko vi\u0146a v\u0113l\u0113tos teikt savam v\u012bram: \u201cK\u0101p\u0113c tu nerun\u0101ji ar mani? Vi\u0146\u0161 ir palaidis&hellip;\n","protected":false},"author":2,"featured_media":18091,"comment_status":"","ping_status":"","sticky":false,"template":"","format":"standard","meta":{"footnotes":""},"categories":[14],"tags":[23,57,28,29,32,33,22,5615,1641,30,31,35,39,38,36,37,34,40,20,26,27,4357,24,25,54,55,56,21,58],"class_list":{"0":"post-18090","1":"post","2":"type-post","3":"status-publish","4":"format-standard","5":"has-post-thumbnail","7":"category-zinas-no-arvalstim","8":"tag-aktualitates","9":"tag-arvalstim","10":"tag-breaking-news","11":"tag-breakingnews","12":"tag-featured-news","13":"tag-featurednews","14":"tag-headlines","15":"tag-karaliska-etikete","16":"tag-karaliska-gimene","17":"tag-latest-news","18":"tag-latestnews","19":"tag-latvia","20":"tag-latvian","21":"tag-latviesu","22":"tag-latviesu-valoda","23":"tag-latviesuvaloda","24":"tag-latvija","25":"tag-lv","26":"tag-news","27":"tag-popularakas-zinas","28":"tag-popularakaszinas","29":"tag-princis-viljams","30":"tag-top-stories","31":"tag-topstories","32":"tag-world","33":"tag-world-news","34":"tag-worldnews","35":"tag-zinas","36":"tag-zinas-no-arvalstim"},"share_on_mastodon":{"url":"","error":""},"_links":{"self":[{"href":"https:\/\/www.europesays.com\/lv\/wp-json\/wp\/v2\/posts\/18090","targetHints":{"allow":["GET"]}}],"collection":[{"href":"https:\/\/www.europesays.com\/lv\/wp-json\/wp\/v2\/posts"}],"about":[{"href":"https:\/\/www.europesays.com\/lv\/wp-json\/wp\/v2\/types\/post"}],"author":[{"embeddable":true,"href":"https:\/\/www.europesays.com\/lv\/wp-json\/wp\/v2\/users\/2"}],"replies":[{"embeddable":true,"href":"https:\/\/www.europesays.com\/lv\/wp-json\/wp\/v2\/comments?post=18090"}],"version-history":[{"count":0,"href":"https:\/\/www.europesays.com\/lv\/wp-json\/wp\/v2\/posts\/18090\/revisions"}],"wp:featuredmedia":[{"embeddable":true,"href":"https:\/\/www.europesays.com\/lv\/wp-json\/wp\/v2\/media\/18091"}],"wp:attachment":[{"href":"https:\/\/www.europesays.com\/lv\/wp-json\/wp\/v2\/media?parent=18090"}],"wp:term":[{"taxonomy":"category","embeddable":true,"href":"https:\/\/www.europesays.com\/lv\/wp-json\/wp\/v2\/categories?post=18090"},{"taxonomy":"post_tag","embeddable":true,"href":"https:\/\/www.europesays.com\/lv\/wp-json\/wp\/v2\/tags?post=18090"}],"curies":[{"name":"wp","href":"https:\/\/api.w.org\/{rel}","templated":true}]}}