{"id":180915,"date":"2026-04-17T13:54:08","date_gmt":"2026-04-17T13:54:08","guid":{"rendered":"https:\/\/www.europesays.com\/lv\/180915\/"},"modified":"2026-04-17T13:54:08","modified_gmt":"2026-04-17T13:54:08","slug":"latvija-nav-sanemusi-oficialu-informaciju-par-asv-brunojuma-piegazu-iespejamu-kavesanos-2","status":"publish","type":"post","link":"https:\/\/www.europesays.com\/lv\/180915\/","title":{"rendered":"Latvija nav sa\u0146\u0113musi ofici\u0101lu inform\u0101ciju par ASV bru\u0146ojuma pieg\u0101\u017eu iesp\u0113jamu kav\u0113\u0161anos"},"content":{"rendered":"<p>Jau v\u0113st\u012bts, ka ASV amatpersonas inform\u0113ju\u0161as Eiropas kol\u0113\u0123us, ka da\u017eas iero\u010du pieg\u0101des, par ko iepriek\u0161 nosl\u0113gtas vieno\u0161an\u0101s, iesp\u0113jams, tiks atliktas, jo Ir\u0101nas kara d\u0113\u013c turpina sarukt bru\u0146ojuma kr\u0101jumi, v\u0113sta zi\u0146u a\u0123ent\u016bra &#8220;Reuters&#8221;, atsaucoties uz pieciem avotiem, kas ir inform\u0113ti par \u0161o jaut\u0101jumu.<\/p>\n<p>Tas skar vair\u0101kas Eiropas valstis, ar\u012b Baltijas re\u0123ion\u0101 un Skandin\u0101vij\u0101, nor\u0101d\u012bja avoti.<\/p>\n<p>Da\u017eus no attiec\u012bgajiem iero\u010diem Eiropas valstis ir ieg\u0101d\u0101ju\u0161\u0101s saska\u0146\u0101 ar programmu &#8220;Milit\u0101r\u0101 tirdzniec\u012bba ar \u0101rvalst\u012bm&#8221; (Foreign Military Sales, FMS), bet tie v\u0113l nav pieg\u0101d\u0101ti, piebilda avoti.<\/p>\n<p>ASV p\u0101rst\u0101vji p\u0113d\u0113j\u0101s dien\u0101s Eiropas amatperson\u0101m paudu\u0161i, ka \u0161\u012bs pieg\u0101des, visticam\u0101k, kav\u0113sies, zi\u0146oja avoti.<\/p>\n<p>Iero\u010du pieg\u0101\u017eu paredzam\u0101 kav\u0113\u0161an\u0101s liecina, cik liel\u0101 m\u0113r\u0101 Ir\u0101nas kara d\u0113\u013c saruku\u0161as ASV kritiski svar\u012bg\u0101 bru\u0146ojuma rezerves, nor\u0101da &#8220;Reuters&#8221;.<\/p>\n<p>Eiropas amatpersonas s\u016bdzas, ka kav\u0113\u0161an\u0101s nost\u0101da t\u0101s sare\u017e\u0123\u012bt\u0101 situ\u0101cij\u0101.<\/p>\n<p>Kop\u0161 Ir\u0101nas kara s\u0101kuma Teher\u0101na ir raid\u012bjusi simtiem ballistisko ra\u0137e\u0161u un dronu uz Persijas l\u012b\u010da valst\u012bm. Liel\u0101k\u0101 da\u013ca p\u0101rtverta, ar\u012b sist\u0113mu &#8220;Patriot&#8221; ra\u0137e\u0161u p\u0101rtv\u0113r\u0113jiem.<\/p>\n<p>Uz \u0161iem iero\u010diem pa\u013caujas ar\u012b Ukraina, lai aizsarg\u0101tu ener\u0123\u0113tikas un milit\u0101ro infrastrukt\u016bru no Krievijas ballistiskaj\u0101m ra\u0137et\u0113m.<\/p>\n<p>&#8220;Reuters&#8221; avoti run\u0101ja ar nosac\u012bjumu, ka netiks min\u0113tas konkr\u0113tas valstis, ko skar pieg\u0101\u017eu kav\u0113\u0161an\u0101s.<\/p>\n<p>Da\u017e\u0101m no t\u0101m ir kop\u012bga robe\u017ea ar Krieviju, un t\u0101p\u0113c iero\u010du pieg\u0101\u017eu grafiku var uzskat\u012bt par sensit\u012bvu aizsardz\u012bbas inform\u0101ciju.<\/p>\n<p>Iero\u010du vid\u016b, kuru pieg\u0101des kav\u0113jas, ir da\u017e\u0101da veida mun\u012bcija, ar\u012b mun\u012bcija, ko var izmantot gan uzbrukuma, gan aizsardz\u012bbas m\u0113r\u0137iem, nor\u0101d\u012bja avoti.<\/p>\n","protected":false},"excerpt":{"rendered":"Jau v\u0113st\u012bts, ka ASV amatpersonas inform\u0113ju\u0161as Eiropas kol\u0113\u0123us, ka da\u017eas iero\u010du pieg\u0101des, par ko iepriek\u0161 nosl\u0113gtas vieno\u0161an\u0101s, iesp\u0113jams,&hellip;\n","protected":false},"author":2,"featured_media":180916,"comment_status":"","ping_status":"","sticky":false,"template":"","format":"standard","meta":{"footnotes":"","_share_on_mastodon":"0"},"categories":[5],"tags":[23,292,722,28,29,9482,1249,32,33,22,30,31,35,39,38,36,37,34,40,20,26,27,24,25,21],"class_list":["post-180915","post","type-post","status-publish","format-standard","has-post-thumbnail","category-aktualitates","tag-aktualitates","tag-asv","tag-baltijas-valstis","tag-breaking-news","tag-breakingnews","tag-brunojums","tag-evika-silina","tag-featured-news","tag-featurednews","tag-headlines","tag-latest-news","tag-latestnews","tag-latvia","tag-latvian","tag-latviesu","tag-latviesu-valoda","tag-latviesuvaloda","tag-latvija","tag-lv","tag-news","tag-popularakas-zinas","tag-popularakaszinas","tag-top-stories","tag-topstories","tag-zinas"],"share_on_mastodon":{"url":"https:\/\/pubeurope.com\/@lv\/116420389303991854","error":""},"_links":{"self":[{"href":"https:\/\/www.europesays.com\/lv\/wp-json\/wp\/v2\/posts\/180915","targetHints":{"allow":["GET"]}}],"collection":[{"href":"https:\/\/www.europesays.com\/lv\/wp-json\/wp\/v2\/posts"}],"about":[{"href":"https:\/\/www.europesays.com\/lv\/wp-json\/wp\/v2\/types\/post"}],"author":[{"embeddable":true,"href":"https:\/\/www.europesays.com\/lv\/wp-json\/wp\/v2\/users\/2"}],"replies":[{"embeddable":true,"href":"https:\/\/www.europesays.com\/lv\/wp-json\/wp\/v2\/comments?post=180915"}],"version-history":[{"count":0,"href":"https:\/\/www.europesays.com\/lv\/wp-json\/wp\/v2\/posts\/180915\/revisions"}],"wp:featuredmedia":[{"embeddable":true,"href":"https:\/\/www.europesays.com\/lv\/wp-json\/wp\/v2\/media\/180916"}],"wp:attachment":[{"href":"https:\/\/www.europesays.com\/lv\/wp-json\/wp\/v2\/media?parent=180915"}],"wp:term":[{"taxonomy":"category","embeddable":true,"href":"https:\/\/www.europesays.com\/lv\/wp-json\/wp\/v2\/categories?post=180915"},{"taxonomy":"post_tag","embeddable":true,"href":"https:\/\/www.europesays.com\/lv\/wp-json\/wp\/v2\/tags?post=180915"}],"curies":[{"name":"wp","href":"https:\/\/api.w.org\/{rel}","templated":true}]}}