{"id":18101,"date":"2025-10-11T05:07:11","date_gmt":"2025-10-11T05:07:11","guid":{"rendered":"https:\/\/www.europesays.com\/lv\/18101\/"},"modified":"2025-10-11T05:07:11","modified_gmt":"2025-10-11T05:07:11","slug":"alternativa-stambulas-konvencijai-nedod-vietu-ideologiskam-interpretacijam","status":"publish","type":"post","link":"https:\/\/www.europesays.com\/lv\/18101\/","title":{"rendered":"&#8220;Alternat\u012bva Stambulas konvencijai&#8221; nedod vietu ideolo\u0123isk\u0101m interpret\u0101cij\u0101m"},"content":{"rendered":"<p>Nacion\u0101l\u0101s apvien\u012bbas (NA), Za\u013co un zemnieku savien\u012bbas (ZZS) un &#8220;Apvienot\u0101 saraksta&#8221; (AS) sacer\u0113t\u0101 &#8220;alternat\u012bva t\u0101 d\u0113v\u0113tajai Stambulas konvencijai&#8221; nedod vietu ideolo\u0123isk\u0101m interpret\u0101cij\u0101m, p\u0113c tik\u0161an\u0101s ar centra &#8220;Marta&#8221; p\u0101rst\u0101vjiem spriedusi Saeimas priek\u0161s\u0113d\u0113t\u0101ja Daiga Mieri\u0146a (ZZS).<\/p>\n<p>Mieri\u0146a ar centra p\u0101rst\u0101vjiem p\u0101rrun\u0101jusi ceturtdien Saeim\u0101 skat\u012bto tr\u012bs partiju pazi\u0146ojumu par vardarb\u012bbas pret sieviet\u0113m un vardarb\u012bbas \u0123imen\u0113 nov\u0113r\u0161anu un izskat\u012b\u0161anu, kuru t\u0101s pasniedz k\u0101 &#8220;alternat\u012bvu Stambulas konvencijai&#8221;.<\/p>\n<p>&#8220;\u0160\u012b deklar\u0101cija nedod vietu ideolo\u0123isk\u0101m interpret\u0101cij\u0101m, bet koncentr\u0113jas tie\u0161i uz vardarb\u012bbas nov\u0113r\u0161anu, uzdodot Ministru kabinetam izstr\u0101d\u0101t visaptvero\u0161u likumu vardarb\u012bbas mazin\u0101\u0161anai kopum\u0101,&#8221; dom\u0101 Mieri\u0146a, p\u0113c kuras v\u0101rdiem, &#8220;\u0161is nav \u012bstais laiks savstarp\u0113jiem apvainojumiem un sabiedr\u012bbas \u0161\u0137el\u0161anai, bet \u0161obr\u012bd ak\u016bti pietr\u016bkst visu pu\u0161u cie\u0146pilns dialogs&#8221;.<\/p>\n<p>Papildus Mieri\u0146a v\u0113l sola apsv\u0113rt Saeim\u0101 r\u012bkot konferenci, lai veicin\u0101tu izpratni par vardarb\u012bbu un t\u0101s sek\u0101m.<\/p>\n<p>Jau zi\u0146ots, ka NA, ZZS un AS deput\u0101ti parakst\u012bju\u0161i un Saeim\u0101 iesniegu\u0161i pa\u0161u rakst\u012btu deklar\u0101ciju, kuru t\u0101s pasniedz k\u0101 &#8220;alternat\u012bvu Stambulas konvencijai&#8221;, kuru savuk\u0101rt \u0161\u012bs partijas gras\u0101s denons\u0113t. NA, ZZS un AS dom\u0101, ka vi\u0146u pied\u0101v\u0101jums apliecin\u0101\u0161ot valsts ap\u0146\u0113m\u012bbu &#8220;m\u0113r\u0137tiec\u012bgi r\u012bkoties, lai aizsarg\u0101tu ikvienu no vardarb\u012bbas, \u012bpa\u0161i sievietes un b\u0113rnus, k\u0101 ar\u012b paredz atbilsto\u0161u risin\u0101jumu ievie\u0161anu likumdo\u0161anas l\u012bmen\u012b&#8221;.<\/p>\n<p>Parlament\u0101rie\u0161i nobalsoja par l\u0113muma projekta iek\u013cau\u0161anu 16. oktobra Saeimas s\u0113des darba k\u0101rt\u012bb\u0101. Par to nobalsoja 79 deput\u0101ti, tostarp &#8220;Jaun\u0101 vienot\u012bba&#8221; (JV), jo esot &#8220;gatava atbalst\u012bt visus veidus, kas pal\u012bdz c\u012bn\u012bties pret vardarb\u012bbu Latvij\u0101&#8221;, bet &#8220;pret&#8221; balsoja &#8220;Progres\u012bvie&#8221;.<\/p>\n<p>&#8220;Progres\u012bvo&#8221; Saeimas frakcijas priek\u0161s\u0113d\u0113t\u0101js Andris \u0160uvajevs skaidroja, ka Latvij\u0101 sp\u0113k\u0101 ir Eiropas Padomes konvencija par vardarb\u012bbas nov\u0113r\u0161anu pret sieviet\u0113m un vardarb\u012bbas \u0123imen\u0113 nov\u0113r\u0161anu un apkaro\u0161anu. &#8220;T\u0101p\u0113c \u0161\u0101dam l\u0113mumprojektam nav pamata, un tas ir v\u0113rt\u0113jams k\u0101 atsevi\u0161\u0137u frakciju centieni &#8220;atmazg\u0101t sevi&#8221; situ\u0101cij\u0101, kur vi\u0146i apzin\u0101s &#8211; Stambulas konvencijas potenci\u0101l\u0101 denons\u0113\u0161ana b\u016bs neatgriezenisks trieciens Latvijas starptautiskajai reput\u0101cijai un valsts \u0123eopolitisk\u0101 virziena pagrie\u0161ana Krievijas virzien\u0101,&#8221; pauda \u0160uvajevs.<\/p>\n<p>Savuk\u0101rt centra &#8220;Marta&#8221; Intere\u0161u aizst\u0101v\u012bbas noda\u013cas vad\u012bt\u0101ja Beata Jonite uzsv\u0113ra, ka \u0161\u0101ds partiju pazi\u0146ojums var b\u016bt simbolisks solis, bet t\u0101 nevar aizst\u0101t starptautisku l\u012bgumu, kas uzliek valstij re\u0101las saist\u012bbas, nodro\u0161ina p\u0101rraudz\u012bbu, ilgtsp\u0113ju un konsekvenci vardarb\u012bbas mazin\u0101\u0161an\u0101.<\/p>\n<p>Jonite skaidroja, ka \u0161\u012b deklar\u0101cija, kas apliecina valsts ap\u0146\u0113m\u012bbu aizsarg\u0101t ikvienu no vardarb\u012bbas, pati par sevi, protams, nekait\u0113, ta\u010du tas nenoz\u012bm\u0113, ka ar \u0161\u0101du viet\u0113ju iniciat\u012bvu var vai vajadz\u0113tu aizst\u0101t starptautisk\u0101s saist\u012bbas. Centra p\u0101rst\u0101ve uzsver, ka starptautisks l\u012bgums vai konvencija noz\u012bm\u0113 ne tikai politisku gribu, bet ar\u012b tiesisku pien\u0101kumu un starptautisku atbild\u012bbu. \u0160\u0101ds instruments nodro\u0161ina ar\u012b monitoringa meh\u0101nismu, kas pal\u012bdz valstij izv\u0113rt\u0113t progresu, sal\u012bdzin\u0101t sevi ar cit\u0101m valst\u012bm, k\u0101 ar\u012b ilgtermi\u0146\u0101 garant\u0113, ka virz\u012bba uz vardarb\u012bbas mazin\u0101\u0161anu turpin\u0101s neatkar\u012bgi no politisk\u0101 cikla vai vald\u012bbas sast\u0101va.<\/p>\n<p>&#8220;M\u016bsu pieredze r\u0101da, ka nacion\u0101lie meh\u0101nismi 20 gadu garum\u0101 nav biju\u0161i pietiekami, lai b\u016btiski main\u012btu situ\u0101ciju,&#8221; uzsv\u0113ra Jonite.<\/p>\n<p>Saeim\u0101 iesniegt\u0101 tr\u012bs partiju deklar\u0101cija paredz l\u012bdz 2026. gada 1. martam izstr\u0101d\u0101t jaunu, visaptvero\u0161u likumu par vardarb\u012bbas pret sieviet\u0113m, b\u0113rniem un vardarb\u012bbas \u0123imen\u0113, k\u0101 ar\u012b visp\u0101r\u0113jas vardarb\u012bbas nov\u0113r\u0161anu un izskau\u0161anu. Likums noteiks valsts pien\u0101kumu akt\u012bvi risin\u0101t vardarb\u012bbas probl\u0113mas, nodro\u0161in\u0101s upuru aizsardz\u012bbu un atbalstu &#8211; juridisku, psiholo\u0123isku un soci\u0101lu pal\u012bdz\u012bbu -, paredz\u0113s stingru atbild\u012bbu gan par vardarb\u012bbas aktiem, gan valsts iest\u0101\u017eu bezdarb\u012bbu, k\u0101 ar\u012b regul\u0113s datu apkopo\u0161anu, instit\u016bciju sadarb\u012bbu un sabiedr\u012bbas izgl\u012bto\u0161anu vardarb\u012bbas prevencijas jom\u0101.<\/p>\n<p>Nacion\u0101l\u0101 apvien\u012bba uzsver, ka re\u0101lu rezult\u0101tu iesp\u0113jams pan\u0101kt tikai tad, ja nacion\u0101laj\u0101 likumdo\u0161an\u0101 tiek iestr\u0101d\u0101tas konkr\u0113tas, praktiski \u012bstenojamas normas, kas risina probl\u0113mas p\u0113c b\u016bt\u012bbas.<\/p>\n<p>Septembra izska\u0146\u0101, pateicoties ZZS balsojumam Saeim\u0101 par Stambulas konvencijas denons\u0113\u0161anu, s\u0101k\u0101s izteikta nestabilit\u0101te vald\u012bbas koal\u012bcij\u0101. Koal\u012bcijas partneri gan ap\u0146\u0113mu\u0161ies str\u0101d\u0101t, lai pie\u0146emtu n\u0101kam\u0101 gada &#8220;dro\u0161\u012bbas bud\u017eetu&#8221;, ta\u010du tic\u012bbu Ministru prezidentes Evikas Sili\u0146as (JV) vald\u012bbas sp\u0113jai str\u0101d\u0101t ilgtermi\u0146\u0101 nu jau pau\u017e vien retais politi\u0137is.<\/p>\n<p>Latvij\u0101 Eiropas Padomes Konvencija par vardarb\u012bbas pret sieviet\u0113m un vardarb\u012bbas \u0123imen\u0113 nov\u0113r\u0161anu un apkaro\u0161anu jeb t\u0101 d\u0113v\u0113t\u0101 Stambulas konvencija st\u0101j\u0101s sp\u0113k\u0101 pag\u0101ju\u0161\u0101 gada 1. maij\u0101. Tas ir starptautisks l\u012bgums, kas paredz, ka t\u0101 dal\u012bbvalst\u012bm ir j\u0101izstr\u0101d\u0101 saska\u0146ota politika, lai lab\u0101k var\u0113tu aizsarg\u0101t sievietes no visu veidu vardarb\u012bbas, k\u0101 ar\u012b sievietes un v\u012brie\u0161us no vardarb\u012bbas \u0123imen\u0113. Tostarp dal\u012bbvalst\u012bm ir j\u0101nodro\u0161ina cietu\u0161ajiem vispus\u012bga pal\u012bdz\u012bba un aizsardz\u012bba, kr\u012bzes centri, kr\u012bzes t\u0101lrunis, kas darbojas diennakti, specializ\u0113tie atbalsta centri no seksu\u0101las vardarb\u012bbas cietu\u0161\u0101m person\u0101m, j\u0101aizsarg\u0101 un j\u0101atbalsta b\u0113rni, kas ir vardarb\u012bbas liecinieki.<\/p>\n<p>JV Saeim\u0101 ir 25 deput\u0101ti, ZZS frakcij\u0101 &#8211; 16 deput\u0101ti, bet &#8220;Progres\u012bvo&#8221; rind\u0101s &#8211; asto\u0146i Saeimas deput\u0101ti. &#8220;Apvienotajam sarakstam&#8221; ir 13 deput\u0101ti, Nacion\u0101lajai apvien\u012bbai &#8211; 12 deput\u0101ti, &#8220;Latvija pirmaj\u0101 viet\u0101&#8221; un &#8220;Stabilit\u0101tei&#8221; &#8211; katr\u0101 pa asto\u0146iem deput\u0101tiem. V\u0113l Saeim\u0101 ir 10 pie frakcij\u0101m nepiedero\u0161i deput\u0101ti, da\u017ei no kuriem atbalsta valdo\u0161o koal\u012bciju.<\/p>\n","protected":false},"excerpt":{"rendered":"Nacion\u0101l\u0101s apvien\u012bbas (NA), Za\u013co un zemnieku savien\u012bbas (ZZS) un &#8220;Apvienot\u0101 saraksta&#8221; (AS) sacer\u0113t\u0101 &#8220;alternat\u012bva t\u0101 d\u0113v\u0113tajai Stambulas konvencijai&#8221;&hellip;\n","protected":false},"author":2,"featured_media":18102,"comment_status":"","ping_status":"","sticky":false,"template":"","format":"standard","meta":{"footnotes":""},"categories":[12],"tags":[23,28,29,47,32,33,22,381,64,30,31,35,39,38,36,37,34,40,20,385,26,27,172,382,384,383,24,25,21],"class_list":{"0":"post-18101","1":"post","2":"type-post","3":"status-publish","4":"format-standard","5":"has-post-thumbnail","7":"category-latvija","8":"tag-aktualitates","9":"tag-breaking-news","10":"tag-breakingnews","11":"tag-ekonomika","12":"tag-featured-news","13":"tag-featurednews","14":"tag-headlines","15":"tag-jaunumi","16":"tag-kultura","17":"tag-latest-news","18":"tag-latestnews","19":"tag-latvia","20":"tag-latvian","21":"tag-latviesu","22":"tag-latviesu-valoda","23":"tag-latviesuvaloda","24":"tag-latvija","25":"tag-lv","26":"tag-news","27":"tag-pieriga","28":"tag-popularakas-zinas","29":"tag-popularakaszinas","30":"tag-riga","31":"tag-sabiedriba","32":"tag-sludinajumi","33":"tag-sports-afisa","34":"tag-top-stories","35":"tag-topstories","36":"tag-zinas"},"share_on_mastodon":{"url":"","error":""},"_links":{"self":[{"href":"https:\/\/www.europesays.com\/lv\/wp-json\/wp\/v2\/posts\/18101","targetHints":{"allow":["GET"]}}],"collection":[{"href":"https:\/\/www.europesays.com\/lv\/wp-json\/wp\/v2\/posts"}],"about":[{"href":"https:\/\/www.europesays.com\/lv\/wp-json\/wp\/v2\/types\/post"}],"author":[{"embeddable":true,"href":"https:\/\/www.europesays.com\/lv\/wp-json\/wp\/v2\/users\/2"}],"replies":[{"embeddable":true,"href":"https:\/\/www.europesays.com\/lv\/wp-json\/wp\/v2\/comments?post=18101"}],"version-history":[{"count":0,"href":"https:\/\/www.europesays.com\/lv\/wp-json\/wp\/v2\/posts\/18101\/revisions"}],"wp:featuredmedia":[{"embeddable":true,"href":"https:\/\/www.europesays.com\/lv\/wp-json\/wp\/v2\/media\/18102"}],"wp:attachment":[{"href":"https:\/\/www.europesays.com\/lv\/wp-json\/wp\/v2\/media?parent=18101"}],"wp:term":[{"taxonomy":"category","embeddable":true,"href":"https:\/\/www.europesays.com\/lv\/wp-json\/wp\/v2\/categories?post=18101"},{"taxonomy":"post_tag","embeddable":true,"href":"https:\/\/www.europesays.com\/lv\/wp-json\/wp\/v2\/tags?post=18101"}],"curies":[{"name":"wp","href":"https:\/\/api.w.org\/{rel}","templated":true}]}}