{"id":181061,"date":"2026-04-17T18:16:11","date_gmt":"2026-04-17T18:16:11","guid":{"rendered":"https:\/\/www.europesays.com\/lv\/181061\/"},"modified":"2026-04-17T18:16:11","modified_gmt":"2026-04-17T18:16:11","slug":"parasporta-diena-cilvekiem-ar-gariga-rakstura-traucejumiem-norisinasies-staicele","status":"publish","type":"post","link":"https:\/\/www.europesays.com\/lv\/181061\/","title":{"rendered":"Parasporta diena cilv\u0113kiem ar gar\u012bga rakstura trauc\u0113jumiem norisin\u0101sies Staicel\u0113"},"content":{"rendered":"<p>LPK pied\u0101v\u0101s pas\u0101kuma dal\u012bbniekiem un apmekl\u0113t\u0101jiem izm\u0113\u0123in\u0101t basketbola soda metienus, t\u0101ll\u0113k\u0161anu, bo\u010di, air\u0113\u0161anu ar Concept2 trena\u017eieriem, galda hokeju, virves vilk\u0161anu, galda tenisu un ar\u012b da\u017e\u0101das stafetes.<\/p>\n<p>&#8220;Prieks, ka sadarb\u012bbu ar m\u016bsu ilgad\u0113jiem draugiem, z\u012bmolu &#8220;Seni&#8221;, ar kuriem jau kop\u0101 piedz\u012bvoti vair\u0101ki projekti, varam p\u0101rcelt jaun\u0101 l\u012bmen\u012b. \u0160ogad &#8220;Seni Cup&#8221; atz\u012bm\u0113 savu 20. jubilejas gadu, un m\u0113s esam gandar\u012bti, ka var\u0113sim b\u016bt kl\u0101t \u0161ajos sv\u0113tkos un kop\u0101 ar vi\u0146iem tos atz\u012bm\u0113t, vienlaikus iedvesmojot cilv\u0113kus ar gar\u012bg\u0101s rakstura trauc\u0113jumiem sportot un b\u016bt fiziski akt\u012bviem,&#8221; par gaid\u0101mo pas\u0101kumu st\u0101sta LPK \u0123ener\u0101lsekret\u0101re Liene Apine.<\/p>\n<p>&#8220;\u0160ogad turn\u012brs svin 20 gadu jubileju, t\u0101d\u0113\u013c v\u0113l\u0113j\u0101mies dal\u012bbniekiem sar\u012bkot v\u0113l liel\u0101kus sv\u0113tkus, lai var\u0113tu iesaist\u012btie p\u0113c iesp\u0113jas vair\u0101k dal\u012bbnieku. Pirmo reizi turn\u012brs norit trij\u0101s k\u0101rt\u0101s \u2013 \u010detras ned\u0113\u013cas tie\u0161saist\u0113, \u010detros re\u0123ion\u0101lajos turn\u012bros no 13.-21. maijam un fin\u0101la pas\u0101kums 4.-5. j\u016bnijam LFF m\u0101c\u012bbu un treni\u0146u centr\u0101 Staicel\u0113. 5. j\u016bnij\u0101 ar Paralimpisk\u0101s Komitejas atbalstu notiks Parasporta diena, kur aicin\u0101ti pieteikties visi interesenti. Sportisk\u0101s aktivit\u0101tes sniedz prieku un paaugstina pa\u0161apzi\u0146u, pal\u012bdzot \u0161iem cilv\u0113kiem justies k\u0101 pilnties\u012bgiem sabiedr\u012bbas locek\u013ciem, kas ir \u0161\u012b pas\u0101kuma galvenais m\u0113r\u0137is,&#8221; uzsver Vija M\u0113tra, &#8220;Seni Cup&#8221; p\u0101rst\u0101ve.<\/p>\n<p>Dal\u012bba pas\u0101kum\u0101 ir bez maksas. Dal\u012bbu iesp\u0113jams pieteikt, aizpildot pieteikuma anketu l\u012bdz 2026. gada 11. maijam, kas pieejama \u0161eit: pieteikuma anketu. Atg\u0101din\u0101m, ka pieteikuma anketa aizpild\u0101ma gan sportistam, gan vi\u0146a asistentam. Dal\u012bba pas\u0101kum\u0101 ir bez maksas.<\/p>\n<p>Pla\u0161\u0101ka inform\u0101cija par dal\u012bbu pas\u0101kum\u0101 pieejama, rakstot Latvijas Paralimpiskajai komitejai: <a href=\"https:\/\/tv3.lv\/cdn-cgi\/l\/email-protection\" class=\"__cf_email__\" data-cfemail=\"d8b1b6beb798b4a8b3b7b5b1acbdb2b9f6b4ae\" rel=\"nofollow noopener\" target=\"_blank\">[email\u00a0protected]<\/a>.<\/p>\n<p class=\"tv3-fw-500\">Zi\u0146o par k\u013c\u016bdu rakst\u0101<\/p>\n<p class=\"d-md-block d-none\">Iez\u012bm\u0113 k\u013c\u016bdaino tekstu un spied Ctrl+Enter.<\/p>\n<p class=\"d-md-none d-block\">Iez\u012bm\u0113 k\u013c\u016bdaino tekstu un zi\u0146o par to!<\/p>\n","protected":false},"excerpt":{"rendered":"LPK pied\u0101v\u0101s pas\u0101kuma dal\u012bbniekiem un apmekl\u0113t\u0101jiem izm\u0113\u0123in\u0101t basketbola soda metienus, t\u0101ll\u0113k\u0161anu, bo\u010di, air\u0113\u0161anu ar Concept2 trena\u017eieriem, galda hokeju,&hellip;\n","protected":false},"author":2,"featured_media":181062,"comment_status":"","ping_status":"","sticky":false,"template":"","format":"standard","meta":{"footnotes":"","_share_on_mastodon":"0"},"categories":[17],"tags":[35,39,38,36,37,34,40,4265,67],"class_list":["post-181061","post","type-post","status-publish","format-standard","has-post-thumbnail","category-sports","tag-latvia","tag-latvian","tag-latviesu","tag-latviesu-valoda","tag-latviesuvaloda","tag-latvija","tag-lv","tag-parasports","tag-sports"],"share_on_mastodon":{"url":"https:\/\/pubeurope.com\/@lv\/116421419502130466","error":""},"_links":{"self":[{"href":"https:\/\/www.europesays.com\/lv\/wp-json\/wp\/v2\/posts\/181061","targetHints":{"allow":["GET"]}}],"collection":[{"href":"https:\/\/www.europesays.com\/lv\/wp-json\/wp\/v2\/posts"}],"about":[{"href":"https:\/\/www.europesays.com\/lv\/wp-json\/wp\/v2\/types\/post"}],"author":[{"embeddable":true,"href":"https:\/\/www.europesays.com\/lv\/wp-json\/wp\/v2\/users\/2"}],"replies":[{"embeddable":true,"href":"https:\/\/www.europesays.com\/lv\/wp-json\/wp\/v2\/comments?post=181061"}],"version-history":[{"count":0,"href":"https:\/\/www.europesays.com\/lv\/wp-json\/wp\/v2\/posts\/181061\/revisions"}],"wp:featuredmedia":[{"embeddable":true,"href":"https:\/\/www.europesays.com\/lv\/wp-json\/wp\/v2\/media\/181062"}],"wp:attachment":[{"href":"https:\/\/www.europesays.com\/lv\/wp-json\/wp\/v2\/media?parent=181061"}],"wp:term":[{"taxonomy":"category","embeddable":true,"href":"https:\/\/www.europesays.com\/lv\/wp-json\/wp\/v2\/categories?post=181061"},{"taxonomy":"post_tag","embeddable":true,"href":"https:\/\/www.europesays.com\/lv\/wp-json\/wp\/v2\/tags?post=181061"}],"curies":[{"name":"wp","href":"https:\/\/api.w.org\/{rel}","templated":true}]}}