{"id":18126,"date":"2025-10-11T05:50:11","date_gmt":"2025-10-11T05:50:11","guid":{"rendered":"https:\/\/www.europesays.com\/lv\/18126\/"},"modified":"2025-10-11T05:50:11","modified_gmt":"2025-10-11T05:50:11","slug":"eiropai-jasper-nakamie-soli-drosibas-stiprinasana","status":"publish","type":"post","link":"https:\/\/www.europesays.com\/lv\/18126\/","title":{"rendered":"Eiropai j\u0101sper n\u0101kamie so\u013ci dro\u0161\u012bbas stiprin\u0101\u0161an\u0101"},"content":{"rendered":"<p>&#8220;Es zinu, ka Eirop\u0101 ir daudz neizmantota potenci\u0101la. M\u0113s nevaram pie\u013caut, ka kapit\u0101ls dus kontos &#8211; tam j\u0101str\u0101d\u0101 cilv\u0113ku un uz\u0146\u0113mumu lab\u0101,&#8221; sac\u012bja Sili\u0146a.<\/p>\n<p>T\u0101pat amatpersonas p\u0101rrun\u0101ju\u0161as progresu Ukrainas virz\u012bb\u0101 uz iest\u0101\u0161anos Eiropas Savien\u012bb\u0101 un apsprieda Eiropas Komisijas pied\u0101v\u0101tos risin\u0101jumus iesald\u0113to Krievijas akt\u012bvu izmanto\u0161anai Ukrainas atbalstam. Gan Sili\u0146a, gan Metsola esot vienispr\u0101tis, ka Ukrainas iest\u0101\u0161an\u0101s sarun\u0101s nepiecie\u0161ams progress. &#8220;Ukraina tam ir gatava,&#8221; uzsv\u0113ra premjere.<\/p>\n<p>Vienlaikus tik\u0161an\u0101s laik\u0101 tika run\u0101ts par kop\u012bgu aizsardz\u012bbas industrijas att\u012bst\u012bbu un gatav\u012bbu jauniem iesp\u0113jamiem apdraud\u0113jumiem, tostarp dronu tehnolo\u0123iju rad\u012btajiem izaicin\u0101jumiem. &#8220;Eiropa p\u0113d\u0113jos gados ir k\u013cuvusi modr\u0101ka un ap\u0146\u0113m\u012bg\u0101ka, ta\u010du tagad laiks spert n\u0101kamos so\u013cus &#8211; stiprin\u0101t milit\u0101ro industriju, aizsardz\u012bbas sp\u0113jas un gatav\u012bbu,&#8221; pauda Sili\u0146a.<\/p>\n<p>Savuk\u0101rt Metsola atzina, ka Baltijas valstis Krievijas draudus redz\u0113ja krietni \u0101tr\u0101k nek\u0101 daudzas citas valstis. To amatpersona bija izc\u0113lusi ar\u012b sav\u0101 piektdienas uzrun\u0101 R\u012bg\u0101 notieko\u0161aj\u0101 dro\u0161\u012bbas un \u0101rpolitikas forum\u0101 &#8220;R\u012bgas konference&#8221;.<\/p>\n<p>&#8220;Mums bija nepiecie\u0161ams p\u0101r\u0101k ilgs laiks, lai to sadzird\u0113tu. \u013baujiet man jums apliecin\u0101t &#8211; \u0161obr\u012bd m\u0113s klaus\u0101mies. M\u0113s j\u016bs dzirdam skaidri un nep\u0101rprotami,&#8221; teica Metsola.<\/p>\n<p>Vi\u0146a izc\u0113la, ka Eiropa ir pateic\u012bga par Latvijas l\u012bder\u012bbu ar\u012b Eiropadom\u0113 un par skaidr\u012bbu pie sarunu galda, jo, &#8220;kad Latvijas balss ir sp\u0113c\u012bga, ar\u012b Eiropas balss ir sp\u0113c\u012bga&#8221;. Eiropas l\u012bderi zinot, ka var pa\u013cauties uz Latvijas pieredzi un diplom\u0101tiju &#8211; s\u0101kot no dronu kompetences centra un m\u016bsu valsts darba NATO un Baltijas aizsardz\u012bbas l\u012bnij\u0101 l\u012bdz Latvijas vietai ANO Dro\u0161\u012bbas padom\u0113.<\/p>\n","protected":false},"excerpt":{"rendered":"&#8220;Es zinu, ka Eirop\u0101 ir daudz neizmantota potenci\u0101la. M\u0113s nevaram pie\u013caut, ka kapit\u0101ls dus kontos &#8211; tam j\u0101str\u0101d\u0101&hellip;\n","protected":false},"author":2,"featured_media":18127,"comment_status":"","ping_status":"","sticky":false,"template":"","format":"standard","meta":{"footnotes":""},"categories":[5],"tags":[23,28,29,514,1249,32,33,22,30,31,35,39,38,36,37,34,40,20,26,27,5778,24,25,21],"class_list":{"0":"post-18126","1":"post","2":"type-post","3":"status-publish","4":"format-standard","5":"has-post-thumbnail","7":"category-aktualitates","8":"tag-aktualitates","9":"tag-breaking-news","10":"tag-breakingnews","11":"tag-eiropas-savieniba","12":"tag-evika-silina","13":"tag-featured-news","14":"tag-featurednews","15":"tag-headlines","16":"tag-latest-news","17":"tag-latestnews","18":"tag-latvia","19":"tag-latvian","20":"tag-latviesu","21":"tag-latviesu-valoda","22":"tag-latviesuvaloda","23":"tag-latvija","24":"tag-lv","25":"tag-news","26":"tag-popularakas-zinas","27":"tag-popularakaszinas","28":"tag-roberta-metsola","29":"tag-top-stories","30":"tag-topstories","31":"tag-zinas"},"share_on_mastodon":{"url":"","error":""},"_links":{"self":[{"href":"https:\/\/www.europesays.com\/lv\/wp-json\/wp\/v2\/posts\/18126","targetHints":{"allow":["GET"]}}],"collection":[{"href":"https:\/\/www.europesays.com\/lv\/wp-json\/wp\/v2\/posts"}],"about":[{"href":"https:\/\/www.europesays.com\/lv\/wp-json\/wp\/v2\/types\/post"}],"author":[{"embeddable":true,"href":"https:\/\/www.europesays.com\/lv\/wp-json\/wp\/v2\/users\/2"}],"replies":[{"embeddable":true,"href":"https:\/\/www.europesays.com\/lv\/wp-json\/wp\/v2\/comments?post=18126"}],"version-history":[{"count":0,"href":"https:\/\/www.europesays.com\/lv\/wp-json\/wp\/v2\/posts\/18126\/revisions"}],"wp:featuredmedia":[{"embeddable":true,"href":"https:\/\/www.europesays.com\/lv\/wp-json\/wp\/v2\/media\/18127"}],"wp:attachment":[{"href":"https:\/\/www.europesays.com\/lv\/wp-json\/wp\/v2\/media?parent=18126"}],"wp:term":[{"taxonomy":"category","embeddable":true,"href":"https:\/\/www.europesays.com\/lv\/wp-json\/wp\/v2\/categories?post=18126"},{"taxonomy":"post_tag","embeddable":true,"href":"https:\/\/www.europesays.com\/lv\/wp-json\/wp\/v2\/tags?post=18126"}],"curies":[{"name":"wp","href":"https:\/\/api.w.org\/{rel}","templated":true}]}}