{"id":18168,"date":"2025-10-11T07:28:07","date_gmt":"2025-10-11T07:28:07","guid":{"rendered":"https:\/\/www.europesays.com\/lv\/18168\/"},"modified":"2025-10-11T07:28:07","modified_gmt":"2025-10-11T07:28:07","slug":"17-gadus-vecais-smits-turpina-spilgti-mirdzet-somija","status":"publish","type":"post","link":"https:\/\/www.europesays.com\/lv\/18168\/","title":{"rendered":"17 gadus vecais \u0160mits turpina spilgti mirdz\u0113t Somij\u0101"},"content":{"rendered":"<p>&#8220;Jukurit&#8221; m\u0101j\u0101s ar 6:3 (2:2, 3:1, 1:0) p\u0101rsp\u0113ja Oulu &#8220;Karpat&#8221;.<\/p>\n<p>Latvijas hokejists guva laukuma saimnieku pirmos v\u0101rtus pirm\u0101s tre\u0161da\u013cas vid\u016b, bet p\u0113c tam tika pie rezultat\u012bvas piesp\u0113les tre\u0161aj\u0101 v\u0101rtu guvum\u0101, kad otr\u0101 perioda ievad\u0101 3:2 pan\u0101ca \u017dist\u0113ns Adamo.<\/p>\n<p>\u0160mits kop\u0101 uz ledus bija 21 min\u016bti un vienu sekundi, kuru laik\u0101 izc\u0113l\u0101s ar se\u0161iem metieniem pa v\u0101rtiem un iekr\u0101ja pozit\u012bvu lietder\u012bbas koeficientu +3.<\/p>\n<p>Aptuveni 191 centimetru garais aizsargs \u0161osezon Somijas augst\u0101kaj\u0101 l\u012bg\u0101 10 ma\u010dos izc\u0113lies ar diviem g\u016btiem v\u0101rtiem un div\u0101m rezultat\u012bv\u0101m piesp\u0113l\u0113m (2+2).<\/p>\n<p>Savuk\u0101rt Somija U-20 \u010dempion\u0101t\u0101 \u0160mits piedal\u012bjies piecos ma\u010dos, guvis se\u0161us v\u0101rtus un sakr\u0101jis \u010detras rezultat\u012bvas piesp\u0113les (6+4).<\/p>\n<p>Cit\u0101 ma\u010d\u0101 Lap\u0113nrantas &#8220;SaiPa&#8221; ar Latvijas v\u0101rtsargu Gustavu D\u0101vi Grigalu rezerv\u0113 izbraukum\u0101 ar 2:1 (0:0, 0:1, 2:0) p\u0101rsp\u0113ja Art\u016bra And\u017e\u0101na p\u0101rst\u0101v\u0113to Hem\u0113nlinnas HPK.<\/p>\n<p>&#8220;Jukurit&#8221; ar 20 punktiem 12 ma\u010dos ie\u0146em piekto vietu turn\u012bra tabul\u0101, &#8220;SaiPa&#8221; ar tikpat punktiem ir par vienu poz\u012bciju zem\u0101k, bet HPK ar 16 punktiem 11 c\u012b\u0146\u0101s ir 11.viet\u0101 16 komandu \u010dempion\u0101t\u0101.<\/p>\n<p>Iepriek\u0161\u0113j\u0101 sezon\u0101 par \u010dempioni k\u013cuva Kuopio &#8220;KalPa&#8221;.<\/p>\n","protected":false},"excerpt":{"rendered":"&#8220;Jukurit&#8221; m\u0101j\u0101s ar 6:3 (2:2, 3:1, 1:0) p\u0101rsp\u0113ja Oulu &#8220;Karpat&#8221;. Latvijas hokejists guva laukuma saimnieku pirmos v\u0101rtus pirm\u0101s&hellip;\n","protected":false},"author":2,"featured_media":18169,"comment_status":"","ping_status":"","sticky":false,"template":"","format":"standard","meta":{"footnotes":""},"categories":[17],"tags":[836,838,394,721,35,39,38,36,37,34,40,67],"class_list":{"0":"post-18168","1":"post","2":"type-post","3":"status-publish","4":"format-standard","5":"has-post-thumbnail","7":"category-sports","8":"tag-hokeja-jaunumi","9":"tag-hokejisti-arzemes","10":"tag-hokejs","11":"tag-hokejs-pasaule","12":"tag-latvia","13":"tag-latvian","14":"tag-latviesu","15":"tag-latviesu-valoda","16":"tag-latviesuvaloda","17":"tag-latvija","18":"tag-lv","19":"tag-sports"},"share_on_mastodon":{"url":"","error":""},"_links":{"self":[{"href":"https:\/\/www.europesays.com\/lv\/wp-json\/wp\/v2\/posts\/18168","targetHints":{"allow":["GET"]}}],"collection":[{"href":"https:\/\/www.europesays.com\/lv\/wp-json\/wp\/v2\/posts"}],"about":[{"href":"https:\/\/www.europesays.com\/lv\/wp-json\/wp\/v2\/types\/post"}],"author":[{"embeddable":true,"href":"https:\/\/www.europesays.com\/lv\/wp-json\/wp\/v2\/users\/2"}],"replies":[{"embeddable":true,"href":"https:\/\/www.europesays.com\/lv\/wp-json\/wp\/v2\/comments?post=18168"}],"version-history":[{"count":0,"href":"https:\/\/www.europesays.com\/lv\/wp-json\/wp\/v2\/posts\/18168\/revisions"}],"wp:featuredmedia":[{"embeddable":true,"href":"https:\/\/www.europesays.com\/lv\/wp-json\/wp\/v2\/media\/18169"}],"wp:attachment":[{"href":"https:\/\/www.europesays.com\/lv\/wp-json\/wp\/v2\/media?parent=18168"}],"wp:term":[{"taxonomy":"category","embeddable":true,"href":"https:\/\/www.europesays.com\/lv\/wp-json\/wp\/v2\/categories?post=18168"},{"taxonomy":"post_tag","embeddable":true,"href":"https:\/\/www.europesays.com\/lv\/wp-json\/wp\/v2\/tags?post=18168"}],"curies":[{"name":"wp","href":"https:\/\/api.w.org\/{rel}","templated":true}]}}