{"id":18188,"date":"2025-10-11T08:20:08","date_gmt":"2025-10-11T08:20:08","guid":{"rendered":"https:\/\/www.europesays.com\/lv\/18188\/"},"modified":"2025-10-11T08:20:08","modified_gmt":"2025-10-11T08:20:08","slug":"nosauti-zimola-modra-olas-ipasnieka-suni-valda-skumjas-un-neizpratne-par-notikuso-apollo-lv","status":"publish","type":"post","link":"https:\/\/www.europesays.com\/lv\/18188\/","title":{"rendered":"No\u0161auti z\u012bmola \u201cModra olas\u201d \u012bpa\u0161nieka su\u0146i. Valda skumjas un neizpratne par notiku\u0161o &#8211; Apollo.lv"},"content":{"rendered":"<ol>\n<li><a href=\"https:\/\/news.google.com\/rss\/articles\/CBMisAFBVV95cUxOcGNhRUU1MTlJSVBnVm9uaklGaXVlODhUYmR6MVFWMGhtRjF6SW5rSE1LRUpsMnZZR2czNFFmMExNcFdQZUdxZXA4d3NJbHhYTk5VYWxUMk9IQUJ2a2k0XzNIVVR6TlVBQTlzVms3VDlXdEljOGh1Ujg5VC0xSmNMdW5iZ2EzMmdhRjVHeGhFUUFBTFpQVW5WSXE1ZmlzazJvQ1JETENzNmJHbTVMekZwQw?oc=5\" target=\"_blank\" rel=\"nofollow noopener\">No\u0161auti z\u012bmola \u201cModra olas\u201d \u012bpa\u0161nieka su\u0146i. Valda skumjas un neizpratne par notiku\u0161o<\/a>&nbsp;&nbsp;Apollo.lv<\/li>\n<li><a href=\"https:\/\/news.google.com\/rss\/articles\/CBMiowFBVV95cUxPRE41d0VHWDFQQmh3MjcwZGxxMlJaZjRsSXV0UXl6R2QxYXhpWnZsdXJfUkNTMWx6TEpkMFRxNGFDR1BZTGZvSmV3MVRObGxlMDJudGhMRFdNRHU1c0M2N0FXWjV6bFRKZUFKRExGUE9MMzNVZ0ZRWFJ6TzJELUtZdXRoWkJ0VmhqR01idGMxeTBOelRVOVJZdGRySkFoT3FURTBB?oc=5\" target=\"_blank\" rel=\"nofollow noopener\">&#8220;Manus su\u0146us no\u0161\u0101va.&#8221; &#8220;Modra olu&#8221; saimnieks n\u0101k klaj\u0101 ar pazi\u0146ojumu soct\u012bklos<\/a>&nbsp;&nbsp;TVNET<\/li>\n<li><a href=\"https:\/\/news.google.com\/rss\/articles\/CBMif0FVX3lxTE02Q1ZjSV9WUWl1RU1vdEFVdE1ST0ozUEZZcE9FRGxMRG9HODN3eFhyNXhtQlROOEdvUlQzNWVaNmNvLTF5aXF6Wm10azVON3RZeFZsRXItVThPbS1VUGdoN203bVhhT0MyZEhOeGdTaFZjU0l0TURfWFhrWWh0Njg?oc=5\" target=\"_blank\" rel=\"nofollow noopener\">&#8220;Esmu iek\u0161\u0113ji miris,&#8221; z\u012bmola &#8220;Modra olas&#8221; \u012bpa\u0161nieks piedz\u012bvo milzu tra\u0123\u0113diju<\/a>&nbsp;&nbsp;NRA<\/li>\n<li><a href=\"https:\/\/news.google.com\/rss\/articles\/CBMizAFBVV95cUxQZmdyZTluNUdlb1lSY0lnamZIQkRxWTlqbEFBZDJ0REtmdkZGQXlZSEV3MTBYV1kxeHJJckkzTEhXSnY3Mk9DLU1kN0xoVEdjc2JLQUFpMHdVUDh4YUM4V1pERnlVdFJCRUIxTlpMQi12ZDFwNmdaQUcxMUZLSGhWX2lBaUktT2M0aEdjOGFMQmFadnVhSjN4TnBnWXhaTzVMb2VIbDFiY09ZNlBlUC1iX0h4Mm5ucWNyU2I2c2Z0WjdLWF9FOVFBMThNOTY?oc=5\" target=\"_blank\" rel=\"nofollow noopener\">\u201cPolicija piesedz k\u0101dam d*rsu, jo neko nevar man izskaidrot\u2026\u201d Z\u012bmola \u201cModra olas\u201d \u012bpa\u0161nieks piedz\u012bvojis milz\u012bgu tra\u0123\u0113diju<\/a>&nbsp;&nbsp;LA.LV<\/li>\n<li><a href=\"https:\/\/news.google.com\/rss\/articles\/CBMiogFBVV95cUxPc1VFY2djT0JiLVdnbkdLWlZySUYyTm1mQkk3VDhNaTFYc045VjdiM1otWlJlSUI5cmNhTHBjYWpLN25tdEZJXzYyVGNzLWxZTUlURGN5WmlndFpqOUpLa0FWNndXU2Q4TGpNbUEwNTZlTjVmSzlWRU1zMFlMRVVaVDZvVlRzSmxNWlM2Q250cHpQVnBnMkZmT1pMMmxMTFY1WUE?oc=5\" target=\"_blank\" rel=\"nofollow noopener\">&#8220;Modra olu&#8221; saimniekam no\u0161auj su\u0146us; VP s\u0101k krimin\u0101lprocesu<\/a>&nbsp;&nbsp;Delfi<\/li>\n<\/ol>\n","protected":false},"excerpt":{"rendered":"No\u0161auti z\u012bmola \u201cModra olas\u201d \u012bpa\u0161nieka su\u0146i. Valda skumjas un neizpratne par notiku\u0161o&nbsp;&nbsp;Apollo.lv &#8220;Manus su\u0146us no\u0161\u0101va.&#8221; &#8220;Modra olu&#8221; saimnieks&hellip;\n","protected":false},"author":2,"featured_media":18189,"comment_status":"","ping_status":"","sticky":false,"template":"","format":"standard","meta":{"footnotes":""},"categories":[5],"tags":[23,28,29,5807,32,33,22,30,31,35,39,38,36,37,34,40,5943,20,26,27,5942,24,25,5944,21],"class_list":{"0":"post-18188","1":"post","2":"type-post","3":"status-publish","4":"format-standard","5":"has-post-thumbnail","7":"category-aktualitates","8":"tag-aktualitates","9":"tag-breaking-news","10":"tag-breakingnews","11":"tag-dzivnieki","12":"tag-featured-news","13":"tag-featurednews","14":"tag-headlines","15":"tag-latest-news","16":"tag-latestnews","17":"tag-latvia","18":"tag-latvian","19":"tag-latviesu","20":"tag-latviesu-valoda","21":"tag-latviesuvaloda","22":"tag-latvija","23":"tag-lv","24":"tag-majdzivnieki","25":"tag-news","26":"tag-popularakas-zinas","27":"tag-popularakaszinas","28":"tag-suni","29":"tag-top-stories","30":"tag-topstories","31":"tag-vardarbiba-pret-dzivniekiem","32":"tag-zinas"},"share_on_mastodon":{"url":"","error":""},"_links":{"self":[{"href":"https:\/\/www.europesays.com\/lv\/wp-json\/wp\/v2\/posts\/18188","targetHints":{"allow":["GET"]}}],"collection":[{"href":"https:\/\/www.europesays.com\/lv\/wp-json\/wp\/v2\/posts"}],"about":[{"href":"https:\/\/www.europesays.com\/lv\/wp-json\/wp\/v2\/types\/post"}],"author":[{"embeddable":true,"href":"https:\/\/www.europesays.com\/lv\/wp-json\/wp\/v2\/users\/2"}],"replies":[{"embeddable":true,"href":"https:\/\/www.europesays.com\/lv\/wp-json\/wp\/v2\/comments?post=18188"}],"version-history":[{"count":0,"href":"https:\/\/www.europesays.com\/lv\/wp-json\/wp\/v2\/posts\/18188\/revisions"}],"wp:featuredmedia":[{"embeddable":true,"href":"https:\/\/www.europesays.com\/lv\/wp-json\/wp\/v2\/media\/18189"}],"wp:attachment":[{"href":"https:\/\/www.europesays.com\/lv\/wp-json\/wp\/v2\/media?parent=18188"}],"wp:term":[{"taxonomy":"category","embeddable":true,"href":"https:\/\/www.europesays.com\/lv\/wp-json\/wp\/v2\/categories?post=18188"},{"taxonomy":"post_tag","embeddable":true,"href":"https:\/\/www.europesays.com\/lv\/wp-json\/wp\/v2\/tags?post=18188"}],"curies":[{"name":"wp","href":"https:\/\/api.w.org\/{rel}","templated":true}]}}