{"id":18204,"date":"2025-10-11T09:01:13","date_gmt":"2025-10-11T09:01:13","guid":{"rendered":"https:\/\/www.europesays.com\/lv\/18204\/"},"modified":"2025-10-11T09:01:13","modified_gmt":"2025-10-11T09:01:13","slug":"bernudarza-madarina-gazes-nopludes-laika-uzturejies-61-berns","status":"publish","type":"post","link":"https:\/\/www.europesays.com\/lv\/18204\/","title":{"rendered":"B\u0113rnud\u0101rz\u0101 &#8220;Madari\u0146a&#8221; g\u0101zes nopl\u016bdes laik\u0101 uztur\u0113jies 61 b\u0113rns"},"content":{"rendered":"<p>K\u0101 skaidroja pa\u0161vald\u012bb\u0101, \u0146emot v\u0113r\u0101, ka ceturtdien b\u0113rnud\u0101rz\u0101 tika piesl\u0113gts apkures katls, vec\u0101ki tika inform\u0113ti, ka <a href=\"https:\/\/www.apollo.lv\/term\/555490\/berni\" class=\"topicLink\" target=\"_blank\" rel=\"nofollow noopener\">b\u0113rni<\/a> piektdien var apmekl\u0113t pirmsskolu.<\/p>\n<p>L\u012bdz ar to piektdien uz b\u0113rnud\u0101rzu bija ieradies 61 b\u0113rns.<\/p>\n<p>Ap plkst. 10 saj\u016btot g\u0101zes smaku, b\u0113rni tika sa\u0123\u0113rbti un dev\u0101s lauk\u0101, bet par situ\u0101ciju tika inform\u0113ti vi\u0146u vec\u0101ki.<\/p>\n<p>L\u012bdz ar to vec\u0101ki radu\u0161\u0101s situ\u0101cijas d\u0113\u013c iz\u0146\u0113ma b\u0113rnus no b\u0113rnud\u0101rza.<\/p>\n<p>K\u0101 zi\u0146ots, b\u0113rnud\u0101rz\u0101 &#8220;Madari\u0146a&#8221;, Dagm\u0101ras iel\u0101, pirms ned\u0113\u013cas pagrabst\u0101v\u0101 bija izc\u0113lies ugunsgr\u0113ks apkures telp\u0101 &#8211; bija aizdegusies apkures katla elektronika.<\/p>\n<p>Uz\u0146\u0113mums &#8220;Gaso&#8221; ceturtdien pabeidza apkures sist\u0113mas remontdarbus un ats\u0101ka apkuri, tom\u0113r piektdien tika konstat\u0113ta g\u0101zes nopl\u016bde pagrabst\u0101v\u0101 &#8211; g\u0101zes padeve nekav\u0113joties tika p\u0101rtraukta, b\u0113rni un person\u0101ls profilaktiski evaku\u0113ti un apdraud\u0113jums nov\u0113rsts.<\/p>\n<p>K\u0101 nor\u0101da R\u012bgas vicem\u0113rs <a href=\"https:\/\/www.apollo.lv\/term\/698636\/edvards-ratnieks\" class=\"topicLink\" target=\"_blank\" rel=\"nofollow noopener\">Edvards Ratnieks<\/a> (NA), situ\u0101cija ar apkures sist\u0113mu b\u0113rnud\u0101rz\u0101 &#8220;Madari\u0146a&#8221; ir nepie\u0146emama, t\u0101d\u0113\u013c vi\u0146\u0161 uzdevis pa\u0161vald\u012bbas \u012apa\u0161uma departamentam nekav\u0113joties atrast un realiz\u0113t ilgtsp\u0113j\u012bgus risin\u0101jumus apkures nodro\u0161in\u0101\u0161anai \u0161aj\u0101 pirmsskolas izgl\u012bt\u012bbas iest\u0101d\u0113.<\/p>\n<p>Nedienas ar apkures katlu esot jau ilgsto\u0161as, t\u0101p\u0113c uzdots atbild\u012bgajam departamentam veikt apkures katla nomai\u0146u un jauna uzst\u0101d\u012b\u0161anu.<\/p>\n<p>Atbild\u012bgie dienesti apsekojo\u0161i iest\u0101di un secin\u0101ju\u0161i, ka t\u0101 ir ekspluat\u0101cijai dro\u0161a.<\/p>\n<p>L\u012bdz jauna katla uzst\u0101d\u012b\u0161anai \u0113ka tiks r\u016bp\u012bgi uzraudz\u012bta, sola Ratnieks.<\/p>\n","protected":false},"excerpt":{"rendered":"K\u0101 skaidroja pa\u0161vald\u012bb\u0101, \u0146emot v\u0113r\u0101, ka ceturtdien b\u0113rnud\u0101rz\u0101 tika piesl\u0113gts apkures katls, vec\u0101ki tika inform\u0113ti, ka b\u0113rni piektdien&hellip;\n","protected":false},"author":2,"featured_media":18205,"comment_status":"","ping_status":"","sticky":false,"template":"","format":"standard","meta":{"footnotes":""},"categories":[12],"tags":[23,521,5928,28,29,1912,32,33,22,30,31,35,39,38,36,37,34,40,20,26,27,24,25,21],"class_list":{"0":"post-18204","1":"post","2":"type-post","3":"status-publish","4":"format-standard","5":"has-post-thumbnail","7":"category-latvija","8":"tag-aktualitates","9":"tag-berni","10":"tag-bernudarzs","11":"tag-breaking-news","12":"tag-breakingnews","13":"tag-edvards-ratnieks","14":"tag-featured-news","15":"tag-featurednews","16":"tag-headlines","17":"tag-latest-news","18":"tag-latestnews","19":"tag-latvia","20":"tag-latvian","21":"tag-latviesu","22":"tag-latviesu-valoda","23":"tag-latviesuvaloda","24":"tag-latvija","25":"tag-lv","26":"tag-news","27":"tag-popularakas-zinas","28":"tag-popularakaszinas","29":"tag-top-stories","30":"tag-topstories","31":"tag-zinas"},"share_on_mastodon":{"url":"","error":""},"_links":{"self":[{"href":"https:\/\/www.europesays.com\/lv\/wp-json\/wp\/v2\/posts\/18204","targetHints":{"allow":["GET"]}}],"collection":[{"href":"https:\/\/www.europesays.com\/lv\/wp-json\/wp\/v2\/posts"}],"about":[{"href":"https:\/\/www.europesays.com\/lv\/wp-json\/wp\/v2\/types\/post"}],"author":[{"embeddable":true,"href":"https:\/\/www.europesays.com\/lv\/wp-json\/wp\/v2\/users\/2"}],"replies":[{"embeddable":true,"href":"https:\/\/www.europesays.com\/lv\/wp-json\/wp\/v2\/comments?post=18204"}],"version-history":[{"count":0,"href":"https:\/\/www.europesays.com\/lv\/wp-json\/wp\/v2\/posts\/18204\/revisions"}],"wp:featuredmedia":[{"embeddable":true,"href":"https:\/\/www.europesays.com\/lv\/wp-json\/wp\/v2\/media\/18205"}],"wp:attachment":[{"href":"https:\/\/www.europesays.com\/lv\/wp-json\/wp\/v2\/media?parent=18204"}],"wp:term":[{"taxonomy":"category","embeddable":true,"href":"https:\/\/www.europesays.com\/lv\/wp-json\/wp\/v2\/categories?post=18204"},{"taxonomy":"post_tag","embeddable":true,"href":"https:\/\/www.europesays.com\/lv\/wp-json\/wp\/v2\/tags?post=18204"}],"curies":[{"name":"wp","href":"https:\/\/api.w.org\/{rel}","templated":true}]}}