{"id":18214,"date":"2025-10-11T09:13:13","date_gmt":"2025-10-11T09:13:13","guid":{"rendered":"https:\/\/www.europesays.com\/lv\/18214\/"},"modified":"2025-10-11T09:13:13","modified_gmt":"2025-10-11T09:13:13","slug":"aizsargdambja-parbuves-darbi-tuvojas-noslegumam-jekabpils-laiks-jekabpils-zinas","status":"publish","type":"post","link":"https:\/\/www.europesays.com\/lv\/18214\/","title":{"rendered":"Aizsargdambja p\u0101rb\u016bves darbi tuvojas nosl\u0113gumam \/ J\u0113kabpils Laiks: J\u0113kabpils zi\u0146as"},"content":{"rendered":"<p>Lai mazin\u0101tu pl\u016bdu risku un nodro\u0161in\u0101tu J\u0113kabpils pils\u0113tas aizsardz\u012bbu pret iesp\u0113jamu appl\u016b\u0161anu, kop\u0161 2023.gada oktobra tiek veikti noz\u012bm\u012bgi Daugavas aizsargdambja p\u0101rb\u016bves darbi. Aizsargdambja p\u0101rb\u016bves darbi tuvojas nosl\u0113gumam un tiks pabeigti l\u012bdz \u0161\u0101 gada 20.oktobrim.<\/p>\n<p>P\u0101rb\u016bves laik\u0101 ir veikti b\u016btiski infrastrukt\u016bras uzlabojumi:<\/p>\n<ul>&#13;<\/p>\n<li>nostiprin\u0101ts Daugavas kreis\u0101 krasta aizsargdambis ar hidrobetonu un akme\u0146u kr\u0101vumu atbilsto\u0161i m\u016bsdienu dro\u0161\u012bbas pras\u012bb\u0101m;<\/li>\n<p>&#13;<\/p>\n<li>veikta aizsargdambja aizsargsienu p\u0101rb\u016bve un izb\u016bve;<\/li>\n<p>&#13;<\/p>\n<li>veikta in\u017eeniert\u012bklu p\u0101rb\u016bve un izb\u016bv\u0113ta dren\u0101\u017eas sist\u0113ma aizsargdambja sausaj\u0101 nog\u0101z\u0113;<\/li>\n<p>&#13;<\/p>\n<li>izb\u016bv\u0113tas pretpl\u016bdu sist\u0113mas gan Daugavas kreisaj\u0101, gan labaj\u0101 krast\u0101;<\/li>\n<p>&#13;<\/p>\n<li>P\u013cavi\u0146u ielas ce\u013ca segas izb\u016bve no Viestura l\u012bdz Str\u016bgu ielai;<\/li>\n<p>&#13;<\/p>\n<li>p\u0101rb\u016bv\u0113tas eso\u0161\u0101s un izb\u016bv\u0113tas jaunas k\u0101pnes;<\/li>\n<p>&#13;<\/p>\n<li>izveidota za\u013c\u0101 infrastrukt\u016bra Daugavas kreis\u0101 krasta aizsargdambja slapjaj\u0101 nog\u0101z\u0113;<\/li>\n<p>&#13;\n<\/ul>\n<p>Pa\u0161laik norit p\u0113d\u0113jie darbi:<\/p>\n<ul>&#13;<\/p>\n<li>tiek atjaunots P\u013cavi\u0146u ielas ce\u013ca segums no Viestura ielas l\u012bdz tiltam p\u0101r Daugavu;<\/li>\n<p>&#13;<\/p>\n<li>notiek pandusa izb\u016bve un s\u016bk\u0146u uzst\u0101d\u012b\u0161ana pretpl\u016bdu sist\u0113m\u0101m;<\/li>\n<p>&#13;<\/p>\n<li>Notiek apza\u013cumo\u0161ana un labiek\u0101rtojuma elementu uzst\u0101d\u012b\u0161ana.<\/li>\n<p>&#13;\n<\/ul>\n","protected":false},"excerpt":{"rendered":"Lai mazin\u0101tu pl\u016bdu risku un nodro\u0161in\u0101tu J\u0113kabpils pils\u0113tas aizsardz\u012bbu pret iesp\u0113jamu appl\u016b\u0161anu, kop\u0161 2023.gada oktobra tiek veikti noz\u012bm\u012bgi&hellip;\n","protected":false},"author":2,"featured_media":18215,"comment_status":"","ping_status":"","sticky":false,"template":"","format":"standard","meta":{"footnotes":""},"categories":[12],"tags":[23,28,29,32,33,22,987,986,30,31,35,39,38,36,37,34,40,20,26,27,24,25,21],"class_list":{"0":"post-18214","1":"post","2":"type-post","3":"status-publish","4":"format-standard","5":"has-post-thumbnail","7":"category-latvija","8":"tag-aktualitates","9":"tag-breaking-news","10":"tag-breakingnews","11":"tag-featured-news","12":"tag-featurednews","13":"tag-headlines","14":"tag-jekabpils-zinas","15":"tag-jekabpilslaiks","16":"tag-latest-news","17":"tag-latestnews","18":"tag-latvia","19":"tag-latvian","20":"tag-latviesu","21":"tag-latviesu-valoda","22":"tag-latviesuvaloda","23":"tag-latvija","24":"tag-lv","25":"tag-news","26":"tag-popularakas-zinas","27":"tag-popularakaszinas","28":"tag-top-stories","29":"tag-topstories","30":"tag-zinas"},"share_on_mastodon":{"url":"","error":""},"_links":{"self":[{"href":"https:\/\/www.europesays.com\/lv\/wp-json\/wp\/v2\/posts\/18214","targetHints":{"allow":["GET"]}}],"collection":[{"href":"https:\/\/www.europesays.com\/lv\/wp-json\/wp\/v2\/posts"}],"about":[{"href":"https:\/\/www.europesays.com\/lv\/wp-json\/wp\/v2\/types\/post"}],"author":[{"embeddable":true,"href":"https:\/\/www.europesays.com\/lv\/wp-json\/wp\/v2\/users\/2"}],"replies":[{"embeddable":true,"href":"https:\/\/www.europesays.com\/lv\/wp-json\/wp\/v2\/comments?post=18214"}],"version-history":[{"count":0,"href":"https:\/\/www.europesays.com\/lv\/wp-json\/wp\/v2\/posts\/18214\/revisions"}],"wp:featuredmedia":[{"embeddable":true,"href":"https:\/\/www.europesays.com\/lv\/wp-json\/wp\/v2\/media\/18215"}],"wp:attachment":[{"href":"https:\/\/www.europesays.com\/lv\/wp-json\/wp\/v2\/media?parent=18214"}],"wp:term":[{"taxonomy":"category","embeddable":true,"href":"https:\/\/www.europesays.com\/lv\/wp-json\/wp\/v2\/categories?post=18214"},{"taxonomy":"post_tag","embeddable":true,"href":"https:\/\/www.europesays.com\/lv\/wp-json\/wp\/v2\/tags?post=18214"}],"curies":[{"name":"wp","href":"https:\/\/api.w.org\/{rel}","templated":true}]}}