{"id":18216,"date":"2025-10-11T09:14:07","date_gmt":"2025-10-11T09:14:07","guid":{"rendered":"https:\/\/www.europesays.com\/lv\/18216\/"},"modified":"2025-10-11T09:14:07","modified_gmt":"2025-10-11T09:14:07","slug":"drosiba-un-jaunas-atputas-iespejas-pilsetai-lente-lv","status":"publish","type":"post","link":"https:\/\/www.europesays.com\/lv\/18216\/","title":{"rendered":"dro\u0161\u012bba un jaunas atp\u016btas iesp\u0113jas pils\u0113tai\u00a0\u2014\u00a0Lente.lv"},"content":{"rendered":"<p>Nosl\u0113guma posm\u0101 J\u0113kabpils aizsargdambja v\u0113rien\u012bg\u0101 p\u0101rb\u016bve: pils\u0113tai jauna dro\u0161\u012bbas un atp\u016btas o\u0101ze<\/p>\n<p>J\u0113kabpils, 11. oktobris, 2025 \u2013 J\u0113kabpils pils\u0113tas iedz\u012bvot\u0101ju un infrastrukt\u016bras dro\u0161\u012bba no Daugavas pl\u016bdu draudiem jau dr\u012bzum\u0101 tiks pacelta jaun\u0101 l\u012bmen\u012b. V\u0113rien\u012bg\u0101 J\u0113kabpils aizsargdambja p\u0101rb\u016bve, kas tika uzs\u0101kta 2023. gada oktobr\u012b, ir sasniegusi fini\u0161u un paredz\u0113ts, ka darbi tiks piln\u012bb\u0101 nosl\u0113gti l\u012bdz oktobra izska\u0146ai, konkr\u0113ti l\u012bdz 20. oktobrim. \u0160is ambiciozais projekts ne tikai stiprina pils\u0113tas aizsardz\u012bbu pret posto\u0161iem \u016bdens pl\u016bdiem, bet ar\u012b sola p\u0101rv\u0113rst dambi par modernu un pievilc\u012bgu br\u012bv\u0101 laika pavad\u012b\u0161anas vietu pils\u0113tas iedz\u012bvot\u0101jiem un viesiem.<\/p>\n<p>Dambja stiprin\u0101\u0161ana un moderniz\u0101cija<\/p>\n<p>P\u0101rb\u016bves gait\u0101 tika veikti kompleksi uzlabojumi, nodro\u0161inot dambja atbilst\u012bbu m\u016bsdienu dro\u0161\u012bbas pras\u012bb\u0101m. Viens no galvenajiem darbiem bija Daugavas kreis\u0101 krasta aizsargdambja nostiprin\u0101\u0161ana ar hidrobetonu un akme\u0146u kr\u0101vumiem. Tika p\u0101rb\u016bv\u0113ta dambja aizsargsiena, k\u0101 ar\u012b izb\u016bv\u0113ta moderna dren\u0101\u017eas sist\u0113ma dambja sausaj\u0101 nog\u0101z\u0113, lai nov\u0113rstu grunts\u016bde\u0146u uzkr\u0101\u0161anos un uztur\u0113tu dambja \u0137ermeni sausu pat ekstrem\u0101los apst\u0101k\u013cos. \u0160ie pas\u0101kumi ir kritiski svar\u012bgi, lai nov\u0113rstu dambja eroziju un nodro\u0161in\u0101tu t\u0101 ilgm\u016b\u017e\u012bbu.<\/p>\n<p>Lai gan ofici\u0101li darbu nosl\u0113gums pl\u0101nots 20. oktobr\u012b, gala pabeig\u0161anas darbi v\u0113l turpin\u0101s. Tie ietver P\u013cavi\u0146u ielas ce\u013ca seguma atjauno\u0161anu posm\u0101 no Viestura ielas l\u012bdz tiltam p\u0101r Daugavu, pandusu izb\u016bvi un pretpl\u016bdu sist\u0113mu s\u016bk\u0146u uzst\u0101d\u012b\u0161anu. T\u0101pat norit akt\u012bva teritorijas apza\u013cumo\u0161ana un labiek\u0101rtojuma elementu uzst\u0101d\u012b\u0161ana, kas padar\u012bs dambi par pat\u012bkamu un sakoptu vidi. \u0160ie darbi tiek veikti projekta Nr. 2.1.3.2\/1\/23\/I\/001 \u201cPl\u016bdu risku nov\u0113r\u0161ana J\u0113kabpil\u012b\u201d ietvaros, ko finans\u0113 Eiropas Savien\u012bbas fondu l\u012bdzek\u013ci kop\u0101 ar valsts un pa\u0161vald\u012bbas bud\u017eeta l\u012bdzfinans\u0113jumu. Kop\u0113j\u0101s projekta izmaksas sasniedz gandr\u012bz 17 miljonus eiro, no kuriem iev\u0113rojama da\u013ca tiek segta no ES l\u012bdzek\u013ciem (ap 14,3 miljoniem eiro).<\/p>\n<p>Jauna atp\u016btas un izklaides telpa<\/p>\n<p>Dambja p\u0101rb\u016bve ir iecer\u0113ta ne tikai k\u0101 in\u017eeniertehnisks risin\u0101jums, bet ar\u012b k\u0101 vieta, kas bag\u0101tin\u0101s pils\u0113tas iedz\u012bvot\u0101ju ikdienu. Tiek pl\u0101nots izveidot m\u016bsdien\u012bgu pils\u0113tvides objektu, kas integr\u0113sies gan pretpl\u016bdu infrastrukt\u016br\u0101, gan iedz\u012bvot\u0101ju br\u012bv\u0101 laika pavad\u012b\u0161anas iesp\u0113j\u0101s. Paredz\u0113ts labiek\u0101rtot Arv\u012bda \u017dilinska J\u0113kabpils m\u016bzikas skolas pagalma da\u013cu pret P\u013cavi\u0146u ielu, uzst\u0101dot vides objektu \u201cSkatuve\u201d, izvietojot velostat\u012bvus un izb\u016bv\u0113jot st\u0101vvietas. Aizsargdambja pak\u0101j\u0113, pret\u012b m\u016bzikas skolai, tiks veidota skat\u012bt\u0101ju zona, kas kalpos vec\u0101kiem, jaunajiem m\u016bzi\u0137iem un citiem klaus\u012bt\u0101jiem.<\/p>\n<p>Projekta autori ir iecer\u0113ju\u0161i vair\u0101kus unik\u0101lus vides objektus, piem\u0113ram, lielizm\u0113ra samu un gabionu sienu, uz kuras tiks att\u0113loti Daugavas \u016bdens l\u012bme\u0146a r\u0101d\u012bt\u0101ji noz\u012bm\u012bgos v\u0113sturiskos br\u012b\u017eos. \u0160ie objekti nav tikai dekorat\u012bvi elementi; tie st\u0101sta st\u0101stu par pils\u0113tas attiec\u012bb\u0101m ar upi un t\u0101s v\u0113sturi. Vis\u0101 dambja garum\u0101 tiks izveidota promen\u0101de, kas aicin\u0101s uz pastaig\u0101m, savuk\u0101rt pie Sakas tilta un aiz tilta uz Daugavpils pusi izveidoti fitoremedi\u0101cijas lauki ar koka laip\u0101m un soli\u0146iem, radot papildu pievilc\u012bbu \u0161ai teritorijai.<\/p>\n<p>Iepriek\u0161\u0113j\u0101 pieredze un n\u0101kotnes dro\u0161\u012bba<\/p>\n<p>J\u0113kabpils pils\u0113ta ir piedz\u012bvojusi sp\u0113c\u012bgus pl\u016bdus, \u012bpa\u0161i atceroties 2023. gada janv\u0101ra notikumus, kad dambis sask\u0101r\u0101s ar iev\u0113rojamu slodzi. Toreiz pils\u0113tas aizsargdambis vair\u0101k\u0101s viet\u0101s s\u0101ka brukt, radot nopietnas ba\u017eas par pils\u0113tas dro\u0161\u012bbu. Toreiz\u0113j\u0101 situ\u0101cija un steidzam\u0101 nepiecie\u0161am\u012bba stiprin\u0101t aizsargb\u016bvi lika pa\u0161vald\u012bbai un b\u016bvniekiem spert izl\u0113m\u012bgus so\u013cus. Pirms diviem gadiem, 2023. gada janv\u0101r\u012b un febru\u0101r\u012b, tika veikts pagaidu risin\u0101jums dambja kritiskaj\u0101 posm\u0101, nostiprinot to ar benton\u012bta m\u0101la pakl\u0101ju un rupju dolom\u012btu. \u0160\u012b pagaidu konstrukcija tika veidota, lai nodro\u0161in\u0101tu dambja aizsargfunkciju ar\u012b b\u016bvdarbu laik\u0101.<\/p>\n<p>Dambja p\u0101rb\u016bves darbi, lai gan v\u0113rien\u012bgi, ir sastapu\u0161ies ar\u012b ar da\u017e\u0101diem izaicin\u0101jumiem, tostarp birokr\u0101tiskiem un finansi\u0101liem \u0161\u0137\u0113r\u0161\u013ciem, k\u0101 ar\u012b kav\u0113jumiem darbu grafikos. Tom\u0113r, pateicoties past\u0101v\u012bgai uzraudz\u012bbai un piel\u0101go\u0161anai, ir izdevies pan\u0101kt iev\u0113rojamu progresu. B\u016bvdarbu vad\u012bt\u0101js J\u0101nis Dimants ir paudis p\u0101rliec\u012bbu, ka jaunais dambis ir \u201cdesmit, ja ne divdesmit reizes dro\u0161\u0101ks nek\u0101 tas bija 2023. gada s\u0101kum\u0101.\u201d \u0160is projekts ir ne tikai par stingr\u0101ku aizsardz\u012bbu pret dabas stihij\u0101m, bet ar\u012b par pils\u0113tas vides uzlabo\u0161anu un iedz\u012bvot\u0101ju dz\u012bves kvalit\u0101tes cel\u0161anu.<\/p>\n<p>Iek\u013caujo\u0161a pieeja pils\u0113tas att\u012bst\u012bb\u0101<\/p>\n<p>Vienlaikus ar infrastrukt\u016bras att\u012bst\u012bbu, J\u0113kabpils novada pa\u0161vald\u012bba piev\u0113r\u0161 uzman\u012bbu ar\u012b iek\u013caujo\u0161ai valodai un komunik\u0101cijai. K\u0101 nor\u0101da speci\u0101listi, iek\u013caujo\u0161a valoda ir svar\u012bgs instruments, lai veidotu vidi, kur\u0101 ikviens j\u016btas gaid\u012bts un cien\u012bts. T\u0101 pal\u012bdz mazin\u0101t aizspriedumus un stereotipus, veicinot vienl\u012bdz\u012bbu un savstarp\u0113jo uztic\u0113\u0161anos. \u0160\u0101da pieeja nodro\u0161ina, ka inform\u0101cija ir pieejama un saprotama pla\u0161ai auditorijai, apliecinot ikviena ties\u012bbas uz inform\u0101ciju un l\u012bdzdal\u012bbu. \u0160is princips atspogu\u013cojas ar\u012b jaunaj\u0101 dambja infrastrukt\u016br\u0101, piem\u0113ram, pl\u0101nojot pieejamas uzbrauktuves rati\u0146iem un citiem p\u0101rvieto\u0161an\u0101s l\u012bdzek\u013ciem, lai nodro\u0161in\u0101tu, ka dambis ir pieejams visiem iedz\u012bvot\u0101jiem, neatkar\u012bgi no vi\u0146u p\u0101rvieto\u0161an\u0101s sp\u0113j\u0101m.<\/p>\n<p>Nosl\u0113dzoties \u0161iem v\u0113rien\u012bgajiem darbiem, J\u0113kabpils pils\u0113ta ieg\u016bs ne tikai sp\u0113c\u012bg\u0101ku aizsardz\u012bbu pret pl\u016bdiem, bet ar\u012b modernu un daudzfunkcion\u0101lu publisko telpu, kas uzlabos pils\u0113tvidi un iedz\u012bvot\u0101ju dz\u012bves kvalit\u0101ti, apliecinot pils\u0113tas sp\u0113ju att\u012bst\u012bties un piel\u0101goties m\u016bsdienu izaicin\u0101jumiem.<\/p>\n","protected":false},"excerpt":{"rendered":"Nosl\u0113guma posm\u0101 J\u0113kabpils aizsargdambja v\u0113rien\u012bg\u0101 p\u0101rb\u016bve: pils\u0113tai jauna dro\u0161\u012bbas un atp\u016btas o\u0101ze J\u0113kabpils, 11. oktobris, 2025 \u2013 J\u0113kabpils&hellip;\n","protected":false},"author":2,"featured_media":18217,"comment_status":"","ping_status":"","sticky":false,"template":"","format":"standard","meta":{"footnotes":""},"categories":[5],"tags":[23,28,29,5952,5954,32,33,22,5950,5953,30,31,35,39,38,36,37,34,40,20,5951,26,27,24,25,21],"class_list":{"0":"post-18216","1":"post","2":"type-post","3":"status-publish","4":"format-standard","5":"has-post-thumbnail","7":"category-aktualitates","8":"tag-aktualitates","9":"tag-breaking-news","10":"tag-breakingnews","11":"tag-dambja-parbuve","12":"tag-daugava","13":"tag-featured-news","14":"tag-featurednews","15":"tag-headlines","16":"tag-jekabpils-aizsargdambis","17":"tag-jekabpils-infrastruktura","18":"tag-latest-news","19":"tag-latestnews","20":"tag-latvia","21":"tag-latvian","22":"tag-latviesu","23":"tag-latviesu-valoda","24":"tag-latviesuvaloda","25":"tag-latvija","26":"tag-lv","27":"tag-news","28":"tag-pludu-aizsardziba","29":"tag-popularakas-zinas","30":"tag-popularakaszinas","31":"tag-top-stories","32":"tag-topstories","33":"tag-zinas"},"share_on_mastodon":{"url":"","error":""},"_links":{"self":[{"href":"https:\/\/www.europesays.com\/lv\/wp-json\/wp\/v2\/posts\/18216","targetHints":{"allow":["GET"]}}],"collection":[{"href":"https:\/\/www.europesays.com\/lv\/wp-json\/wp\/v2\/posts"}],"about":[{"href":"https:\/\/www.europesays.com\/lv\/wp-json\/wp\/v2\/types\/post"}],"author":[{"embeddable":true,"href":"https:\/\/www.europesays.com\/lv\/wp-json\/wp\/v2\/users\/2"}],"replies":[{"embeddable":true,"href":"https:\/\/www.europesays.com\/lv\/wp-json\/wp\/v2\/comments?post=18216"}],"version-history":[{"count":0,"href":"https:\/\/www.europesays.com\/lv\/wp-json\/wp\/v2\/posts\/18216\/revisions"}],"wp:featuredmedia":[{"embeddable":true,"href":"https:\/\/www.europesays.com\/lv\/wp-json\/wp\/v2\/media\/18217"}],"wp:attachment":[{"href":"https:\/\/www.europesays.com\/lv\/wp-json\/wp\/v2\/media?parent=18216"}],"wp:term":[{"taxonomy":"category","embeddable":true,"href":"https:\/\/www.europesays.com\/lv\/wp-json\/wp\/v2\/categories?post=18216"},{"taxonomy":"post_tag","embeddable":true,"href":"https:\/\/www.europesays.com\/lv\/wp-json\/wp\/v2\/tags?post=18216"}],"curies":[{"name":"wp","href":"https:\/\/api.w.org\/{rel}","templated":true}]}}