{"id":182186,"date":"2026-04-19T13:01:14","date_gmt":"2026-04-19T13:01:14","guid":{"rendered":"https:\/\/www.europesays.com\/lv\/182186\/"},"modified":"2026-04-19T13:01:14","modified_gmt":"2026-04-19T13:01:14","slug":"baltijas-valstis-liedz-slovakijas-premjeram-izmantot-gaisa-telpu-cela-uz-9-maija-svinibam-maskava","status":"publish","type":"post","link":"https:\/\/www.europesays.com\/lv\/182186\/","title":{"rendered":"Baltijas valstis liedz Slov\u0101kijas premjeram izmantot gaisa telpu ce\u013c\u0101 uz 9. maija svin\u012bb\u0101m Maskav\u0101"},"content":{"rendered":"<p>&#8220;K\u0101p\u0113c? Eiropas Savien\u012bbas (ES) dal\u012bbvalstis ne\u013cauj citas ES dal\u012bbvalsts premjerministram lidot p\u0101ri sav\u0101m teritorij\u0101m,&#8221; Slov\u0101kijas premjers pauda savu kritisko attieksmi par \u0161o l\u0113mumu.<\/p>\n<p>&#8220;Es noteikti atrad\u012b\u0161u citu mar\u0161rutu, k\u0101 to dar\u012bju pag\u0101ju\u0161aj\u0101 gad\u0101, kad m\u016bs torped\u0113ja Igaunija,&#8221; piebilda Fico, kur\u0161 ir paz\u012bstams ar sav\u0101m draudz\u012bgaj\u0101m attiec\u012bb\u0101m ar Kremli.<\/p>\n<p>Ar\u012b Igaunija neat\u013caus Fico \u0161\u0137\u0113rsot savu gaisa telpu ce\u013c\u0101 uz 9. maija pas\u0101kumiem Maskav\u0101, sv\u0113tdien nor\u0101d\u012bja Igaunijas \u0101rlietu ministrs Marguss Cahkna.<\/p>\n<p>&#8220;Fico ar\u012b \u0161ogad nesa\u0146ems at\u013cauju izmantot Igaunijas gaisa telpu, lai dotos uz 9. maija par\u0101di Maskav\u0101, kuras m\u0113r\u0137is ir slav\u0113t agresoru. M\u0113s to aizliedz\u0101m pag\u0101ju\u0161aj\u0101 gad\u0101, un \u0161is pats princips ir sp\u0113k\u0101 ar\u012b tagad,&#8221; Igaunijas \u0100rlietu ministrijas pazi\u0146ojum\u0101 cit\u0113ts Cahknas teiktais.<\/p>\n<p>Igaunijas nost\u0101ja ir piln\u012bgi skaidra \u2013 neviena valsts nedr\u012bkst izmantot Igaunijas gaisa telpu, lai stiprin\u0101tu attiec\u012bbas ar Krieviju laik\u0101, kad t\u0101 p\u0101rk\u0101pj starptautisk\u0101s normas un \u012bsteno agres\u012bvu karu pret Ukrainu un visas Eiropas dro\u0161\u012bbu, uzsv\u0113ra Cahkna.<\/p>\n<p class=\"ad-desc ad-desc-main\">Saturs turpin\u0101s p\u0113c rekl\u0101mas<\/p>\n<p class=\"ad-desc ad-desc-sec\">Rekl\u0101ma<\/p>\n<p>Jau zi\u0146ots, ka ar\u012b pag\u0101ju\u0161aj\u0101 gad\u0101 Baltijas valstis neat\u013c\u0101va \u0161\u0137\u0113rsot savu gaisa telpu \u0101rvalstu amatpersonu lidma\u0161\u012bn\u0101m ce\u013c\u0101 uz Maskavu, kur 9. maij\u0101 tiek svin\u0113ta Padomju Savien\u012bbas uzvara p\u0101r nacistisko V\u0101ciju otraj\u0101 pasaules kar\u0101. Fico pag\u0101ju\u0161aj\u0101 gad\u0101 bija spiests veikt garu apk\u0101rtce\u013cu, lidojot p\u0101ri Ung\u0101rijai, Rum\u0101nijai un Melnajai j\u016brai. Iecer\u0113tais lidojuma mar\u0161ruts bija j\u0101maina ar\u012b Serbijas prezidenta Aleksandra Vu\u010di\u010da lidma\u0161\u012bnai.<\/p>\n<p>Fico un vi\u0146a Ung\u0101rijas kol\u0113\u0123is Viktors Orb\u0101ns, kur\u0161 maij\u0101 atst\u0101s vald\u012bbas vad\u012bt\u0101ja amatu p\u0113c graujo\u0161\u0101s sak\u0101ves parlamenta v\u0113l\u0113\u0161an\u0101s, ir tuv\u0101kie Krievijas diktatora Vladimira Putina sabiedrotie ES valstu l\u012bderu vid\u016b.<\/p>\n<p class=\"tv3-fw-500\">Zi\u0146o par k\u013c\u016bdu rakst\u0101<\/p>\n<p class=\"d-md-block d-none\">Iez\u012bm\u0113 k\u013c\u016bdaino tekstu un spied Ctrl+Enter.<\/p>\n<p class=\"d-md-none d-block\">Iez\u012bm\u0113 k\u013c\u016bdaino tekstu un zi\u0146o par to!<\/p>\n","protected":false},"excerpt":{"rendered":"&#8220;K\u0101p\u0113c? Eiropas Savien\u012bbas (ES) dal\u012bbvalstis ne\u013cauj citas ES dal\u012bbvalsts premjerministram lidot p\u0101ri sav\u0101m teritorij\u0101m,&#8221; Slov\u0101kijas premjers pauda savu&hellip;\n","protected":false},"author":2,"featured_media":182187,"comment_status":"","ping_status":"","sticky":false,"template":"","format":"standard","meta":{"footnotes":"","_share_on_mastodon":"0"},"categories":[5],"tags":[34707,23,28,29,32,33,22,30,31,35,39,38,36,37,34,40,20,26,27,24,25,21],"class_list":["post-182186","post","type-post","status-publish","format-standard","has-post-thumbnail","category-aktualitates","tag-9-maijskrievijalatvijalietuvaroberts-ficoslovakija","tag-aktualitates","tag-breaking-news","tag-breakingnews","tag-featured-news","tag-featurednews","tag-headlines","tag-latest-news","tag-latestnews","tag-latvia","tag-latvian","tag-latviesu","tag-latviesu-valoda","tag-latviesuvaloda","tag-latvija","tag-lv","tag-news","tag-popularakas-zinas","tag-popularakaszinas","tag-top-stories","tag-topstories","tag-zinas"],"share_on_mastodon":{"url":"https:\/\/pubeurope.com\/@lv\/116431505536601640","error":""},"_links":{"self":[{"href":"https:\/\/www.europesays.com\/lv\/wp-json\/wp\/v2\/posts\/182186","targetHints":{"allow":["GET"]}}],"collection":[{"href":"https:\/\/www.europesays.com\/lv\/wp-json\/wp\/v2\/posts"}],"about":[{"href":"https:\/\/www.europesays.com\/lv\/wp-json\/wp\/v2\/types\/post"}],"author":[{"embeddable":true,"href":"https:\/\/www.europesays.com\/lv\/wp-json\/wp\/v2\/users\/2"}],"replies":[{"embeddable":true,"href":"https:\/\/www.europesays.com\/lv\/wp-json\/wp\/v2\/comments?post=182186"}],"version-history":[{"count":0,"href":"https:\/\/www.europesays.com\/lv\/wp-json\/wp\/v2\/posts\/182186\/revisions"}],"wp:featuredmedia":[{"embeddable":true,"href":"https:\/\/www.europesays.com\/lv\/wp-json\/wp\/v2\/media\/182187"}],"wp:attachment":[{"href":"https:\/\/www.europesays.com\/lv\/wp-json\/wp\/v2\/media?parent=182186"}],"wp:term":[{"taxonomy":"category","embeddable":true,"href":"https:\/\/www.europesays.com\/lv\/wp-json\/wp\/v2\/categories?post=182186"},{"taxonomy":"post_tag","embeddable":true,"href":"https:\/\/www.europesays.com\/lv\/wp-json\/wp\/v2\/tags?post=182186"}],"curies":[{"name":"wp","href":"https:\/\/api.w.org\/{rel}","templated":true}]}}