{"id":18240,"date":"2025-10-11T09:43:04","date_gmt":"2025-10-11T09:43:04","guid":{"rendered":"https:\/\/www.europesays.com\/lv\/18240\/"},"modified":"2025-10-11T09:43:04","modified_gmt":"2025-10-11T09:43:04","slug":"eiropa-stav-preti-geopolitiskajam-spiedienam-un-aizsarga-savu-nakotni","status":"publish","type":"post","link":"https:\/\/www.europesays.com\/lv\/18240\/","title":{"rendered":"Eiropa st\u0101v pret\u012b \u0123eopolitiskajam spiedienam un aizsarg\u0101 savu n\u0101kotni"},"content":{"rendered":"<p>\u0160odien R\u012bg\u0101 turpin\u0101s Zieme\u013ceirop\u0101 vado\u0161ais \u0101rpolitikas un dro\u0161\u012bbas forums &#8220;R\u012bgas konference 2025&#8221;, kur ekspertu un augsta l\u012bme\u0146a amatpersonu diskusijas fokus\u0113jas uz Eiropas strat\u0113\u0123isko notur\u012bbu, NATO lomu un pasaules ekonomikas jaunajiem \u0123eopolitiskajiem izaicin\u0101jumiem. <\/p>\n<p>360 Zi\u0146as un port\u0101ls 1188 ir \u201cR\u012bgas Konferences 2025\u201d informat\u012bvais atbalst\u012bt\u0101js un pied\u0101v\u0101jam video tie\u0161raidi.<\/p>\n<p><\/p>\n<p>Tarifi, protekcionisms un pasaules ekonomikas jaun\u0101 \u0123eopolitika<\/p>\n<p>Tarifi, r\u016bpniec\u012bbas politika un ekonomisk\u0101 dro\u0161\u012bba vairs nav tikai ni\u0161as diskusiju temati, bet k\u013cuvu\u0161i par centr\u0101l\u0101m starptautisk\u0101s \u0123eopolitikas dienask\u0101rt\u012bbas t\u0113m\u0101m. Agr\u0101k uzskat\u012bti par pag\u0101tnes reliktiem, tarifi atgrie\u017eas sp\u0113k\u0101. Tarifu un r\u016bpniec\u012bbas subs\u012bdiju atjauno\u0161an\u0101s apdraud tirdzniec\u012bbas pamatus, uz kuriem balst\u0101s glob\u0101li integr\u0113tas ekonomikas. Protekcionisms arvien bie\u017e\u0101k tiek attaisnots ne tikai ekonomiskos, bet ar\u012b nacion\u0101l\u0101s dro\u0161\u012bbas, notur\u012bbas un strat\u0113\u0123isk\u0101s autonomijas aspektos. Valstis p\u0101rk\u0101rto savas tirdzniec\u012bbas politikas, lai l\u012bdzsvarotu gan iek\u0161politiskos spiedienus, gan \u0101r\u0113jos \u0123eopolitiskos satricin\u0101jumus. Vai m\u0113s redzam liber\u0101l\u0101, noteikumiem balst\u012bt\u0101 daudzpus\u0113j\u0101 tirdzniec\u012bbas sist\u0113mas beigas? Vai glob\u0101l\u0101s pieg\u0101des \u0137\u0113des sp\u0113s izdz\u012bvot pasaul\u0113, kur notiek ekonomisk\u0101 \u0161\u0137el\u0161an\u0101s un \u201cdraudz\u012bgo\u201d partneru veido\u0161ana? Ko tarifu atgrie\u0161an\u0101s noz\u012bm\u0113 maz\u0101k\u0101m ekonomik\u0101m, kuras iespiestas lielvaru konkurences vid\u016b? K\u0101 jaunatt\u012bst\u012bbas valstis orient\u0113jas starp protekcionisma spiedienu un nepiecie\u0161am\u012bbu p\u0113c atv\u0113rtiem tirgiem?<\/p>\n<p>N\u0101kotne daudzpus\u012bb\u0101: ANO main\u012bg\u0101 loma sadal\u012btaj\u0101 pasaul\u0113 <\/p>\n<p>\u0122eopolitisk\u0101s s\u0101ncens\u012bbas, milit\u0101ro konfliktu un daudzpus\u0113j\u0101s sist\u0113mas sa\u0161\u0137elt\u012bbas laikmet\u0101 Apvienotaj\u0101m N\u0101cij\u0101m pieaug spiediens pier\u0101d\u012bt savu noz\u012bm\u012bgumu un efektivit\u0101ti. No ilgsto\u0161iem konfliktiem un klimata izrais\u012bt\u0101m kr\u012bz\u0113m l\u012bdz kiberdraudiem un ekonomiskai fragment\u0101cijai \u2013 m\u016bsdienu izaicin\u0101jumu apjoms un sare\u017e\u0123\u012bt\u012bba p\u0101rbauda daudzpus\u0113j\u0101s sadarb\u012bbas pamatus. Laik\u0101, kad glob\u0101l\u0101 solidarit\u0101te izpl\u0113n, k\u013c\u016bst iz\u0161\u0137iro\u0161i atjaunot ANO sp\u0113ju r\u012bkoties izl\u0113m\u012bgi. K\u0101 dal\u012bbvalstis var veidot koal\u012bcijas, kas atjauno uztic\u012bbu un le\u0123itimit\u0101ti ANO sist\u0113m\u0101? K\u0101das institucion\u0101l\u0101s reformas nepiecie\u0161amas, lai ANO b\u016btu noz\u012bm\u012bg\u0101ka un notur\u012bg\u0101ka? K\u0101du lomu ANO Dro\u0161\u012bbas padome var sp\u0113l\u0113t \u2013 \u012bpa\u0161i t\u0101s v\u0113l\u0113tie locek\u013ci \u2013 br\u012bd\u012b, kad pieaug spiediens aizst\u0101t daudzpus\u012bbu ar daudzpolarit\u0101ti un atteikties no sadarb\u012bbas, dodot priek\u0161roku transakcij\u0101m starptautiskaj\u0101s attiec\u012bb\u0101s?<\/p>\n<p>\u0160ogad forum\u0101 \u012bpa\u0161a vieta velt\u012bta ar\u012b Krievijas agresijas anal\u012bzei. Eksperti apl\u016bko gan milit\u0101r\u0101s, gan ekonomisk\u0101s, gan propagandas metodes, ar kur\u0101m Maskava m\u0113\u0123ina ietekm\u0113t starptautisko k\u0101rt\u012bbu un nostiprin\u0101t savu ietekmes sf\u0113ru Eirop\u0101 un pasaul\u0113. \u201cR\u012bgas konferenc\u0113 2025\u201d spriests ar\u012b par jaun\u0101kaj\u0101m aizsardz\u012bbas tehnolo\u0123ij\u0101m, milit\u0101ro mobilit\u0101ti, infrastrukt\u016bru un kult\u016bras noz\u012bmi kara un kr\u012bzes laikos.<\/p>\n<p>&#8220;R\u012bgas Konferences 2025&#8221; programma 11. oktobr\u012b, lai vari sekot tai l\u012bdzi tie\u0161raid\u0113<\/p>\n<p>10:30 \u2013 11:30 <\/p>\n<p>Tarifi, protekcionisms un pasaules ekonomikas jaun\u0101 \u0123eopolitika<\/p>\n<p>Run\u0101t\u0101ji:<\/p>\n<ul>\n<li>Valdis Dombrovskis, Eiropas Komisijas komis\u0101rs ekonomikas un produktivit\u0101tes jom\u0101<\/li>\n<li>M\u0101rti\u0146\u0161 Kaz\u0101ks, Latvijas Bankas prezidents<\/li>\n<li>Dr. Maria Shagina, vec\u0101k\u0101 p\u0113tniece, Starptautiskais Strat\u0113\u0123isko p\u0113t\u012bjumu instit\u016bts<\/li>\n<\/ul>\n<p>Moderators: Oliver Crook, Bloomberg TV galvenais Eiropas korespondents<\/p>\n<p>12:00 \u2013 13:00<\/p>\n<p>Daudzpus\u012bbas n\u0101kotne: ANO main\u012bg\u0101 loma fragment\u0113t\u0101 pasaul\u0113<\/p>\n<p>Run\u0101t\u0101ji:<\/p>\n<ul>\n<li>Baiba Bra\u017ee, Latvijas \u0101rlietu ministre<\/li>\n<li>Vanessa Frazier, ANO \u0122ener\u0101lsekret\u0101ra \u012bpa\u0161\u0101 p\u0101rst\u0101ve b\u0113rniem un bru\u0146otam konfliktam<\/li>\n<li>Dr. Juan Battaleme, Argent\u012bnas Aizsardz\u012bbas ministrijas Starptautisko attiec\u012bbu valsts sekret\u0101rs<\/li>\n<li>Dhruva Jaishankar, Observer Research Foundation America izpilddirektors<\/li>\n<\/ul>\n<p>Moderators: J\u0101nis Ma\u017eeiks, Latvijas \u0100rlietu ministrijas Politikas pl\u0101no\u0161anas direktors<\/p>\n<p>13:00<\/p>\n<p>Nosl\u0113guma uzruna<\/p>\n<p>J\u0101nis Karlsbergs, Latvijas Transatlantisk\u0101s organiz\u0101cijas padomes priek\u0161s\u0113d\u0113t\u0101js<\/p>\n<p>Lasi ar\u012b!<\/p>\n<p>&#13;<br \/>\n&#13;<br \/>\n<a target=\"_blank\" href=\"https:\/\/www.1188.lv\/zinas\/tiesraide-eiropas-brunosanas-cina-pret-krievijas-agresiju-vai-zaudesim-eiropas-viedakie-prati-riga-spriez-nakotni\/55801\" rel=\"nofollow noopener\">Tie\u0161raide: Eiropas bru\u0146o\u0161an\u0101s c\u012b\u0146\u0101 pret Krievijas agresiju. Vai zaud\u0113sim? Eiropas vied\u0101kie pr\u0101ti R\u012bg\u0101 sprie\u017e n\u0101kotni<\/a>&#13;<br \/>\n&#13;<br \/>\n<\/p>\n<p>&#13;<br \/>\n&#13;<br \/>\n<a target=\"_blank\" href=\"https:\/\/www.1188.lv\/zinas\/tiesraide-eiropa-riga-mostas-pret-krievijas-agresiju-eksperti-spriez-par-drosibu-un-nakotnes-aizsardzibu\/55845\" rel=\"nofollow noopener\">Tie\u0161raide: Eiropa R\u012bg\u0101 mostas pret Krievijas agresiju \u2013 eksperti sprie\u017e par dro\u0161\u012bbu un n\u0101kotnes aizsardz\u012bbu<\/a>&#13;<br \/>\n&#13;<br \/><\/p>\n","protected":false},"excerpt":{"rendered":"\u0160odien R\u012bg\u0101 turpin\u0101s Zieme\u013ceirop\u0101 vado\u0161ais \u0101rpolitikas un dro\u0161\u012bbas forums &#8220;R\u012bgas konference 2025&#8221;, kur ekspertu un augsta l\u012bme\u0146a amatpersonu&hellip;\n","protected":false},"author":2,"featured_media":18241,"comment_status":"","ping_status":"","sticky":false,"template":"","format":"standard","meta":{"footnotes":""},"categories":[12],"tags":[129,1450,5196,1209,1304,23,28,29,32,33,22,30,31,35,39,38,36,37,34,40,20,26,27,1305,1451,5197,1210,1306,1452,5198,1211,24,25,21],"class_list":{"0":"post-18240","1":"post","2":"type-post","3":"status-publish","4":"format-standard","5":"has-post-thumbnail","7":"category-latvija","8":"tag-__typenameadvicekeyword","9":"tag-id1045","10":"tag-id577","11":"tag-id824","12":"tag-id970","13":"tag-aktualitates","14":"tag-breaking-news","15":"tag-breakingnews","16":"tag-featured-news","17":"tag-featurednews","18":"tag-headlines","19":"tag-latest-news","20":"tag-latestnews","21":"tag-latvia","22":"tag-latvian","23":"tag-latviesu","24":"tag-latviesu-valoda","25":"tag-latviesuvaloda","26":"tag-latvija","27":"tag-lv","28":"tag-news","29":"tag-popularakas-zinas","30":"tag-popularakaszinas","31":"tag-slug360-zinas","32":"tag-slugdrosiba","33":"tag-slugnato","34":"tag-slugpolitika","35":"tag-title360-zinas","36":"tag-titledrosiba","37":"tag-titlenato","38":"tag-titlepolitika","39":"tag-top-stories","40":"tag-topstories","41":"tag-zinas"},"share_on_mastodon":{"url":"","error":""},"_links":{"self":[{"href":"https:\/\/www.europesays.com\/lv\/wp-json\/wp\/v2\/posts\/18240","targetHints":{"allow":["GET"]}}],"collection":[{"href":"https:\/\/www.europesays.com\/lv\/wp-json\/wp\/v2\/posts"}],"about":[{"href":"https:\/\/www.europesays.com\/lv\/wp-json\/wp\/v2\/types\/post"}],"author":[{"embeddable":true,"href":"https:\/\/www.europesays.com\/lv\/wp-json\/wp\/v2\/users\/2"}],"replies":[{"embeddable":true,"href":"https:\/\/www.europesays.com\/lv\/wp-json\/wp\/v2\/comments?post=18240"}],"version-history":[{"count":0,"href":"https:\/\/www.europesays.com\/lv\/wp-json\/wp\/v2\/posts\/18240\/revisions"}],"wp:featuredmedia":[{"embeddable":true,"href":"https:\/\/www.europesays.com\/lv\/wp-json\/wp\/v2\/media\/18241"}],"wp:attachment":[{"href":"https:\/\/www.europesays.com\/lv\/wp-json\/wp\/v2\/media?parent=18240"}],"wp:term":[{"taxonomy":"category","embeddable":true,"href":"https:\/\/www.europesays.com\/lv\/wp-json\/wp\/v2\/categories?post=18240"},{"taxonomy":"post_tag","embeddable":true,"href":"https:\/\/www.europesays.com\/lv\/wp-json\/wp\/v2\/tags?post=18240"}],"curies":[{"name":"wp","href":"https:\/\/api.w.org\/{rel}","templated":true}]}}