{"id":182464,"date":"2026-04-19T20:07:10","date_gmt":"2026-04-19T20:07:10","guid":{"rendered":"https:\/\/www.europesays.com\/lv\/182464\/"},"modified":"2026-04-19T20:07:10","modified_gmt":"2026-04-19T20:07:10","slug":"austrija-zidainu-partikas-burcina-konstateta-zurku-inde","status":"publish","type":"post","link":"https:\/\/www.europesays.com\/lv\/182464\/","title":{"rendered":"Austrij\u0101 z\u012bdai\u0146u p\u0101rtikas burci\u0146\u0101 konstat\u0113ta \u017eurku inde"},"content":{"rendered":"<p>Par saind\u0113to burci\u0146u ar burk\u0101nu un kartupe\u013cu biezeni zi\u0146ojis k\u0101ds klients, ta\u010du vi\u0146a mazulis \u0161o p\u0101rtiku nebija \u0113dis. Policija nor\u0101d\u012bja, ka burci\u0146as saturs, visticam\u0101k, bijis saboj\u0101ts. Iest\u0101des uzskata, ka aprit\u0113 ir vismaz v\u0113l viena saind\u0113ta burci\u0146a, un ir izdevusi nor\u0101d\u012bjumus, k\u0101 atpaz\u012bt saboj\u0101tas burci\u0146as.<\/p>\n<p>Austrijas policijas pazi\u0146ojum\u0101 teikts, ka br\u012bdin\u0101jums n\u0101cis no V\u0101cijas izmekl\u0113t\u0101jiem un saboj\u0101tas burci\u0146as konfisc\u0113tas ar\u012b \u010cehij\u0101 un Slov\u0101kij\u0101.<\/p>\n<p>Sestdien uz\u0146\u0113mums &#8220;HiPP&#8221; atsauca visu savu burci\u0146\u0101s iepakoto bieze\u0146u kl\u0101stu, kas tika p\u0101rdoti &#8220;Spar&#8221; veikalos Austrij\u0101, nor\u0101dot, ka to pat\u0113r\u0113\u0161ana, iesp\u0113jams, var b\u016bt &#8220;dz\u012bv\u012bbai b\u012bstama&#8221;.<\/p>\n<p>V\u0101cij\u0101 b\u0101z\u0113tais uz\u0146\u0113mums pazi\u0146oja, ka b\u0113rnu p\u0101rtikas burci\u0146u atsauk\u0161ana &#8220;Spar&#8221; Austrij\u0101 &#8220;nav saist\u012bta ar produktu vai kvalit\u0101tes defektu, jo burci\u0146as bija atst\u0101ju\u0161as r\u016bpn\u012bcu &#8220;ide\u0101l\u0101 st\u0101vokl\u012b&#8221;.<\/p>\n<p>&#8220;Atsauk\u0161ana ir saist\u012bta ar noziedz\u012bgu nodar\u012bjumu, ko izmekl\u0113 iest\u0101des,&#8221; teikts uz\u0146\u0113muma t\u012bmek\u013ca vietn\u0113. Iest\u0101des konstat\u0113ju\u0161as, ka burci\u0146\u0101s ir \u017eurku inde.<\/p>\n<p>K\u0101 piesardz\u012bbas pas\u0101kumu &#8220;Spar&#8221; ir iz\u0146\u0113mis \u0161\u012b z\u012bmola b\u0113rnu p\u0101rtiku ar\u012b no saviem veikaliem cit\u0101s valst\u012bs.<\/p>\n<p>Incidents noticis tikai da\u017eus m\u0113ne\u0161us p\u0113c tam, kad diviem citiem z\u012bdai\u0146u p\u0101rtikas ra\u017eot\u0101jiem n\u0101c\u0101s veikt pla\u0161a m\u0113roga z\u012bdai\u0146u mais\u012bjumu atsauk\u0161anu no tirdzniec\u012bbas saist\u012bb\u0101 ar ba\u017e\u0101m par pies\u0101r\u0146ojumu. Janv\u0101r\u012b un febru\u0101r\u012b &#8220;Nestle&#8221; un &#8220;Danone&#8221; atsauca savu z\u012bmolu z\u012bdai\u0146u bar\u012bbu vair\u0101k nek\u0101 60 valst\u012bs, tostarp Apvienotaj\u0101 Karalist\u0113, p\u0113c tam, kad b\u0113rni saslima. Tika noskaidrots, ka konkr\u0113tas partijas produkti bija pies\u0101r\u0146oti ar toks\u012bnu cereul\u012bdu, kas var izrais\u012bt sliktu d\u016b\u0161u un vem\u0161anu.<\/p>\n","protected":false},"excerpt":{"rendered":"Par saind\u0113to burci\u0146u ar burk\u0101nu un kartupe\u013cu biezeni zi\u0146ojis k\u0101ds klients, ta\u010du vi\u0146a mazulis \u0161o p\u0101rtiku nebija \u0113dis.&hellip;\n","protected":false},"author":2,"featured_media":182465,"comment_status":"","ping_status":"","sticky":false,"template":"","format":"standard","meta":{"footnotes":"","_share_on_mastodon":"0"},"categories":[5],"tags":[23,63,28,29,32,33,22,30,31,35,39,38,36,37,34,40,20,3843,591,26,27,24,25,21],"class_list":["post-182464","post","type-post","status-publish","format-standard","has-post-thumbnail","category-aktualitates","tag-aktualitates","tag-arvalstis","tag-breaking-news","tag-breakingnews","tag-featured-news","tag-featurednews","tag-headlines","tag-latest-news","tag-latestnews","tag-latvia","tag-latvian","tag-latviesu","tag-latviesu-valoda","tag-latviesuvaloda","tag-latvija","tag-lv","tag-news","tag-partika","tag-partikas-produkti","tag-popularakas-zinas","tag-popularakaszinas","tag-top-stories","tag-topstories","tag-zinas"],"share_on_mastodon":{"url":"https:\/\/pubeurope.com\/@lv\/116433180855193780","error":""},"_links":{"self":[{"href":"https:\/\/www.europesays.com\/lv\/wp-json\/wp\/v2\/posts\/182464","targetHints":{"allow":["GET"]}}],"collection":[{"href":"https:\/\/www.europesays.com\/lv\/wp-json\/wp\/v2\/posts"}],"about":[{"href":"https:\/\/www.europesays.com\/lv\/wp-json\/wp\/v2\/types\/post"}],"author":[{"embeddable":true,"href":"https:\/\/www.europesays.com\/lv\/wp-json\/wp\/v2\/users\/2"}],"replies":[{"embeddable":true,"href":"https:\/\/www.europesays.com\/lv\/wp-json\/wp\/v2\/comments?post=182464"}],"version-history":[{"count":0,"href":"https:\/\/www.europesays.com\/lv\/wp-json\/wp\/v2\/posts\/182464\/revisions"}],"wp:featuredmedia":[{"embeddable":true,"href":"https:\/\/www.europesays.com\/lv\/wp-json\/wp\/v2\/media\/182465"}],"wp:attachment":[{"href":"https:\/\/www.europesays.com\/lv\/wp-json\/wp\/v2\/media?parent=182464"}],"wp:term":[{"taxonomy":"category","embeddable":true,"href":"https:\/\/www.europesays.com\/lv\/wp-json\/wp\/v2\/categories?post=182464"},{"taxonomy":"post_tag","embeddable":true,"href":"https:\/\/www.europesays.com\/lv\/wp-json\/wp\/v2\/tags?post=182464"}],"curies":[{"name":"wp","href":"https:\/\/api.w.org\/{rel}","templated":true}]}}