{"id":18267,"date":"2025-10-11T10:32:07","date_gmt":"2025-10-11T10:32:07","guid":{"rendered":"https:\/\/www.europesays.com\/lv\/18267\/"},"modified":"2025-10-11T10:32:07","modified_gmt":"2025-10-11T10:32:07","slug":"trampam-bijusi-telefonsaruna-ar-nobela-miera-premijas-laureati-macado","status":"publish","type":"post","link":"https:\/\/www.europesays.com\/lv\/18267\/","title":{"rendered":"Trampam bijusi telefonsaruna ar Nobela miera pr\u0113mijas laure\u0101ti Ma\u010dado"},"content":{"rendered":"<p>P\u0113c apbalvojuma pazi\u0146o\u0161anas Ma\u010dado platform\u0101 X rakst\u012bja: \u201cEs veltu \u0161o balvu cie\u0161anu pilnajai Venecu\u0113las tautai un prezidentam Trampam par vi\u0146a nelok\u0101mo atbalstu m\u016bsu lietai.\u201d Tramps tagad teica, ka vi\u0146\u0161 pal\u012bdz\u0113jis Ma\u010dado ce\u013c\u0101 uz pan\u0101kumiem.<\/p>\n<p>Nobela komiteja atzin\u012bgi nov\u0113rt\u0113 Ma\u010dado \u201cnenogursto\u0161o darbu\u201d<\/p>\n<p>Norv\u0113\u0123ijas Nobela komiteja Oslo apbalvoja Ma\u010dado par vi\u0146as \u201cnenogursto\u0161o c\u012b\u0146u par Venecu\u0113las tautas demokr\u0101tiskaj\u0101m ties\u012bb\u0101m un taisn\u012bgu un mier\u012bgu p\u0101reju no diktat\u016bras uz demokr\u0101tiju\u201d. 58 gadus vec\u0101 sieviete tiek uzskat\u012bta par Venecu\u0113las opoz\u012bcijas vienojo\u0161o sp\u0113ku un autorit\u0101r\u0101 prezidenta Nikolasa Maduro, kur\u0161 valda kop\u0161 2013. gada, izteiktu pretinieci.<\/p>\n<p>P\u0113d\u0113jo ned\u0113\u013cu laik\u0101 Tramps atk\u0101rtoti uzsv\u0113ra, ka vi\u0146\u0161 pats ir peln\u012bjis \u0161o balvu, jo septi\u0146u m\u0113ne\u0161u laik\u0101 ir izbeidzis septi\u0146us karus. \u0160oned\u0113\u013c p\u0113c vi\u0146a iniciat\u012bvas tika pan\u0101kta pirm\u0101 vieno\u0161an\u0101s Gazas konflikt\u0101 starp Izra\u0113lu un palest\u012bnie\u0161u teroristu organiz\u0101ciju \u201cHam\u0101s\u201d, ta\u010du pagaid\u0101m nav skaidrs, vai t\u0101 b\u016bs ilglaic\u012bga. Trampa kriti\u0137i vi\u0146am p\u0101rmet, ka vi\u0146\u0161 grauj uz noteikumiem balst\u012btu starptautisko sadarb\u012bbu, kas pamatojas uz l\u012bgumiem, nol\u012bgumiem un v\u0113rt\u012bb\u0101m, un ar\u012b iek\u0161politik\u0101 ar savu radik\u0101lo r\u012bc\u012bbu ir padzi\u013cin\u0101jis plaisu un rad\u012bjis jaunus konfliktus.<\/p>\n","protected":false},"excerpt":{"rendered":"P\u0113c apbalvojuma pazi\u0146o\u0161anas Ma\u010dado platform\u0101 X rakst\u012bja: \u201cEs veltu \u0161o balvu cie\u0161anu pilnajai Venecu\u0113las tautai un prezidentam Trampam&hellip;\n","protected":false},"author":2,"featured_media":18268,"comment_status":"","ping_status":"","sticky":false,"template":"","format":"standard","meta":{"footnotes":""},"categories":[5],"tags":[23,28,29,542,32,33,22,30,31,35,39,38,36,37,34,40,20,4988,1419,26,27,24,25,358,21],"class_list":{"0":"post-18267","1":"post","2":"type-post","3":"status-publish","4":"format-standard","5":"has-post-thumbnail","7":"category-aktualitates","8":"tag-aktualitates","9":"tag-breaking-news","10":"tag-breakingnews","11":"tag-donalds-tramps","12":"tag-featured-news","13":"tag-featurednews","14":"tag-headlines","15":"tag-latest-news","16":"tag-latestnews","17":"tag-latvia","18":"tag-latvian","19":"tag-latviesu","20":"tag-latviesu-valoda","21":"tag-latviesuvaloda","22":"tag-latvija","23":"tag-lv","24":"tag-news","25":"tag-nobela-premija","26":"tag-norvegija","27":"tag-popularakas-zinas","28":"tag-popularakaszinas","29":"tag-top-stories","30":"tag-topstories","31":"tag-venecuela","32":"tag-zinas"},"share_on_mastodon":{"url":"","error":""},"_links":{"self":[{"href":"https:\/\/www.europesays.com\/lv\/wp-json\/wp\/v2\/posts\/18267","targetHints":{"allow":["GET"]}}],"collection":[{"href":"https:\/\/www.europesays.com\/lv\/wp-json\/wp\/v2\/posts"}],"about":[{"href":"https:\/\/www.europesays.com\/lv\/wp-json\/wp\/v2\/types\/post"}],"author":[{"embeddable":true,"href":"https:\/\/www.europesays.com\/lv\/wp-json\/wp\/v2\/users\/2"}],"replies":[{"embeddable":true,"href":"https:\/\/www.europesays.com\/lv\/wp-json\/wp\/v2\/comments?post=18267"}],"version-history":[{"count":0,"href":"https:\/\/www.europesays.com\/lv\/wp-json\/wp\/v2\/posts\/18267\/revisions"}],"wp:featuredmedia":[{"embeddable":true,"href":"https:\/\/www.europesays.com\/lv\/wp-json\/wp\/v2\/media\/18268"}],"wp:attachment":[{"href":"https:\/\/www.europesays.com\/lv\/wp-json\/wp\/v2\/media?parent=18267"}],"wp:term":[{"taxonomy":"category","embeddable":true,"href":"https:\/\/www.europesays.com\/lv\/wp-json\/wp\/v2\/categories?post=18267"},{"taxonomy":"post_tag","embeddable":true,"href":"https:\/\/www.europesays.com\/lv\/wp-json\/wp\/v2\/tags?post=18267"}],"curies":[{"name":"wp","href":"https:\/\/api.w.org\/{rel}","templated":true}]}}