{"id":18278,"date":"2025-10-11T11:07:07","date_gmt":"2025-10-11T11:07:07","guid":{"rendered":"https:\/\/www.europesays.com\/lv\/18278\/"},"modified":"2025-10-11T11:07:07","modified_gmt":"2025-10-11T11:07:07","slug":"latvijas-pasts-pagarinas-darba-laiku","status":"publish","type":"post","link":"https:\/\/www.europesays.com\/lv\/18278\/","title":{"rendered":"&#8220;Latvijas pasts&#8221; pagarin\u0101s darba laiku"},"content":{"rendered":"<p>R\u012bg\u0101 pasta noda\u013cas, kas atrodas \u0101rpus tirdzniec\u012bbas centriem, no 1. novembra klientus apkalpos darba dien\u0101s no plkst. 9 l\u012bdz 18, savuk\u0101rt klientu centros un pasta noda\u013c\u0101s, kas pieejamas tirdzniec\u012bbas centros un galvenok\u0101rt klientus apkalpo ar\u012b ned\u0113\u013cas nogal\u0113s, darba laiks nemain\u012bsies.<\/p>\n<p>Vienlaikus re\u0123ionos 27 pasta noda\u013cas divas darba dienas ned\u0113\u013c\u0101 &#8211; otrdien\u0101s un ceturtdien\u0101s &#8211; klientiem b\u016bs atv\u0113rtas no plkst. 8 l\u012bdz 18. Savuk\u0101rt p\u0101r\u0113j\u0101s darba dien\u0101s t\u0101s b\u016bs atv\u0113rtas no plkst. 8 l\u012bdz 11 vai no plkst. 8 l\u012bdz 13.30.<\/p>\n<p>Inform\u0101cija par gaid\u0101maj\u0101m izmai\u0146\u0101m b\u016bs izvietota attiec\u012bgaj\u0101s pasta noda\u013c\u0101s no oktobra vidus.<\/p>\n<p>Jau zi\u0146ots, ka &#8220;Latvijas pasta&#8221; apgroz\u012bjums pag\u0101ju\u0161aj\u0101 gad\u0101 bija 93,743 miljoni eiro, kas ir par 13,4% maz\u0101k nek\u0101 2023. gad\u0101, k\u0101 ar\u012b komp\u0101nija cieta zaud\u0113jumus 111 203 eiro apm\u0113r\u0101 pretstat\u0101 pe\u013c\u0146ai gadu iepriek\u0161.<\/p>\n<p>&#8220;Latvijas <a href=\"https:\/\/www.apollo.lv\/term\/573347\/pasts\" class=\"topicLink\" target=\"_blank\" rel=\"nofollow noopener\">pasts<\/a>&#8221; nodro\u0161ina pasta pakalpojumu pieejam\u012bbu vis\u0101 Latvijas teritorij\u0101. Uz\u0146\u0113mums nodro\u0161ina iek\u0161zemes un starptautisk\u0101s pieg\u0101des, s\u0101kot ar e-komercijas un paku s\u016bt\u012bjumiem l\u012bdz presei, v\u0113stu\u013cu korespondencei un personaliz\u0113tiem lo\u0123istikas risin\u0101jumiem. &#8220;Latvijas pasts&#8221; ir valstij piln\u012bb\u0101 piedero\u0161s uz\u0146\u0113mums, kur\u0101 str\u0101d\u0101 apm\u0113ram 1800 darbinieku.<\/p>\n","protected":false},"excerpt":{"rendered":"R\u012bg\u0101 pasta noda\u013cas, kas atrodas \u0101rpus tirdzniec\u012bbas centriem, no 1. novembra klientus apkalpos darba dien\u0101s no plkst. 9&hellip;\n","protected":false},"author":2,"featured_media":18279,"comment_status":"","ping_status":"","sticky":false,"template":"","format":"standard","meta":{"footnotes":""},"categories":[12],"tags":[23,28,29,32,33,22,30,31,35,39,38,36,37,34,3973,40,20,5967,26,27,24,25,21],"class_list":{"0":"post-18278","1":"post","2":"type-post","3":"status-publish","4":"format-standard","5":"has-post-thumbnail","7":"category-latvija","8":"tag-aktualitates","9":"tag-breaking-news","10":"tag-breakingnews","11":"tag-featured-news","12":"tag-featurednews","13":"tag-headlines","14":"tag-latest-news","15":"tag-latestnews","16":"tag-latvia","17":"tag-latvian","18":"tag-latviesu","19":"tag-latviesu-valoda","20":"tag-latviesuvaloda","21":"tag-latvija","22":"tag-latvijas-pasts","23":"tag-lv","24":"tag-news","25":"tag-pasts","26":"tag-popularakas-zinas","27":"tag-popularakaszinas","28":"tag-top-stories","29":"tag-topstories","30":"tag-zinas"},"share_on_mastodon":{"url":"","error":""},"_links":{"self":[{"href":"https:\/\/www.europesays.com\/lv\/wp-json\/wp\/v2\/posts\/18278","targetHints":{"allow":["GET"]}}],"collection":[{"href":"https:\/\/www.europesays.com\/lv\/wp-json\/wp\/v2\/posts"}],"about":[{"href":"https:\/\/www.europesays.com\/lv\/wp-json\/wp\/v2\/types\/post"}],"author":[{"embeddable":true,"href":"https:\/\/www.europesays.com\/lv\/wp-json\/wp\/v2\/users\/2"}],"replies":[{"embeddable":true,"href":"https:\/\/www.europesays.com\/lv\/wp-json\/wp\/v2\/comments?post=18278"}],"version-history":[{"count":0,"href":"https:\/\/www.europesays.com\/lv\/wp-json\/wp\/v2\/posts\/18278\/revisions"}],"wp:featuredmedia":[{"embeddable":true,"href":"https:\/\/www.europesays.com\/lv\/wp-json\/wp\/v2\/media\/18279"}],"wp:attachment":[{"href":"https:\/\/www.europesays.com\/lv\/wp-json\/wp\/v2\/media?parent=18278"}],"wp:term":[{"taxonomy":"category","embeddable":true,"href":"https:\/\/www.europesays.com\/lv\/wp-json\/wp\/v2\/categories?post=18278"},{"taxonomy":"post_tag","embeddable":true,"href":"https:\/\/www.europesays.com\/lv\/wp-json\/wp\/v2\/tags?post=18278"}],"curies":[{"name":"wp","href":"https:\/\/api.w.org\/{rel}","templated":true}]}}