{"id":18284,"date":"2025-10-11T11:10:08","date_gmt":"2025-10-11T11:10:08","guid":{"rendered":"https:\/\/www.europesays.com\/lv\/18284\/"},"modified":"2025-10-11T11:10:08","modified_gmt":"2025-10-11T11:10:08","slug":"saknes-anglija-macijas-vecmilgravi-trenejas-italija-un-cinas-par-gruzijas-kausu-futbols-sportacentrs-com","status":"publish","type":"post","link":"https:\/\/www.europesays.com\/lv\/18284\/","title":{"rendered":"saknes Anglij\u0101, m\u0101c\u012bj\u0101s Vecm\u012blgr\u0101v\u012b, tren\u0113j\u0101s It\u0101lij\u0101 un c\u012bn\u0101s par Gruzijas kausu \u2013 Futbols \u2013 Sportacentrs.com"},"content":{"rendered":"<p>&#8220;Sp\u0113le nebija slikta, bet grib\u0113j\u0101m uzvar\u0113t. Gribam uzvar\u0113t katr\u0101 sp\u0113l\u0113, un m\u0113r\u0137is, dom\u0101ju, ir pretend\u0113t uz otro vai tre\u0161o vietu grup\u0101. Pirm\u0101 vieta dro\u0161i vien b\u016bs V\u0101cijai [stundu v\u0113l\u0101k V\u0101cija m\u0101j\u0101s galotn\u0113 ar 2:3 zaud\u0113ja m\u016bsu n\u0101kamajai pretiniecei Grie\u0137ijai \u2013 A.S],&#8221; 21 gadu vecais futbolists sac\u012bja port\u0101lam Sportacentrs.com.<\/p>\n<p>Pag\u0101ju\u0161o sezonu Nosegbe-Su\u0161ko aizvad\u012bja N\u0101kotnes l\u012bgas otr\u0101 e\u0161elona komand\u0101 &#8220;Olaine&#8221;, \u0161\u0101 gada pirmo pusi pavad\u012bja Lietuvas augst\u0101k\u0101s l\u012bgas kluba Tel\u0161u &#8220;D\u017eiugas&#8221;, kas pa\u0161laik ie\u0146em sept\u012bto vietu, pamatsast\u0101v\u0101, bet vasar\u0101 dev\u0101s uz Gruzijas otr\u0101s l\u012bgas p\u0101rst\u0101vi &#8220;Samtredia&#8221;. Izkritusi no augst\u0101k\u0101s l\u012bgas, &#8220;Samtredia&#8221; m\u0113r\u0137is ir taj\u0101 atgriezties, ta\u010du pa\u0161laik l\u012bg\u0101 ie\u0146em tikai sept\u012bto vietu septi\u0146us punktus aiz p\u0101rsp\u0113\u013cu zonas. Toties daudz lab\u0101k kl\u0101jas Gruzijas kaus\u0101, kur izdev\u0101s ar 1:0 uzveikt augst\u0101k\u0101s l\u012bgas pa\u0161reiz tre\u0161\u0101s vietas \u012bpa\u0161nieci Tbilisi &#8220;Dinamo&#8221;. Jau dr\u012bzum\u0101 gaida ar\u012b kausa pusfin\u0101ls pret augst\u0101k\u0101s l\u012bgas l\u012bderi Gori &#8220;Dila&#8221;, ar kuru vasar\u0101 Eirokausos tik\u0101s ar\u012b &#8220;Riga&#8221; (2:1, 3:3).<\/p>\n<p>&#8220;Grib\u0113ju kaut ko pamain\u012bt. Gruzij\u0101 ir laba komanda ar amb\u012bcij\u0101m iziet uz augst\u0101ko l\u012bgu. Tai ar\u012b ir it\u0101\u013cu treneris [Eud\u017eenio Sana, kur\u0161 da\u017e\u0101dos amplu\u0101 \u0101rpus dzimtenes str\u0101d\u0101jis ar\u012b Ung\u0101rij\u0101, Austr\u0101lij\u0101, Anglij\u0101, Melnkaln\u0113, Sa\u016bda Ar\u0101bij\u0101, Grie\u0137ij\u0101, Kipr\u0101 un Skotij\u0101 \u2013 A.S.]. Man \u0161\u0137iet, ka l\u012bmenis ir diezgan l\u012bdz\u012bgs. J\u0101, Gruzij\u0101 t\u0101 ir tikai otr\u0101 l\u012bga, ta\u010du ar\u012b tur l\u012bmenis ir diezgan labs. Bet Lietuv\u0101, protams, ir labas vado\u0161\u0101s komandas, k\u0101 Kau\u0146as &#8220;\u017dalgiris&#8221;, Vi\u013c\u0146as &#8220;\u017dalgiris&#8221;. Tom\u0113r teiktu, ka kop\u0113jais l\u012bmenis ir diezgan l\u012bdz\u012bgs,&#8221; uzskata Nosegbe-Su\u0161ko, kura komand\u0101 ir gan daudz le\u0123ion\u0101ru, gan ar\u012b pieredz\u0113ju\u0161u gruz\u012bnu, kuri sp\u0113l\u0113ju\u0161i ar\u012b Virsl\u012bg\u0101 [Giorgi M\u010dedli\u0161vili, D\u017euli Mand\u017egaladze Ventspil\u012b, Davits Samurkasovi Liep\u0101j\u0101].<\/p>\n<p>&#8220;V\u0113l ir devi\u0146as sp\u0113les, un dom\u0101ju, ka ar\u012b l\u012bg\u0101 v\u0113l ir iesp\u0113jams visu izmain\u012bt. Ar\u012b kaus\u0101 varam uzvar\u0113t &#8220;Dila Gori&#8221; un tikt fin\u0101l\u0101. Dom\u0101ju, ka c\u012bn\u012bties par kausu ir re\u0101li, jo iepriek\u0161 jau uzvar\u0113j\u0101m Tbilisi &#8220;Dinamo&#8221;. Pa\u0161laik v\u0113l nevaru pateikt, kas gaida p\u0113c sezonas beig\u0101m, bet l\u012bgums man ir sp\u0113k\u0101 ar\u012b uz n\u0101kamo sezonu.&#8221;<\/p>\n<p>Jaunatnes l\u012bmen\u012b Nosegbe-Su\u0161ko kop\u0101 ar virkni pa\u0161reiz\u0113jo U21 izlases biedru sp\u0113l\u0113ja &#8220;Skonto&#8221; un &#8220;Riga&#8221; sist\u0113m\u0101s, bet p\u0113c tam dev\u0101s uz It\u0101lijas slaven\u0101 kluba &#8220;Napoli&#8221; sist\u0113mu un sp\u0113l\u0113ja ar\u012b UEFA Jaunatnes l\u012bg\u0101. &#8220;Mana \u0123imene ir no Anglijas, bet pats m\u0101c\u012bjos skol\u0101 Latvij\u0101 \u2013 R\u012bgas R\u012bn\u016b\u017eu vidusskol\u0101 Vecm\u012blgr\u0101v\u012b. P\u0113c tam 11. klas\u0113 aizbraucu uz It\u0101liju. Kad atgriezos no It\u0101lijas, vair\u0101kas ned\u0113\u013cas biju p\u0101rbaud\u0113 RFS pirmaj\u0101 komand\u0101, ta\u010du nesan\u0101ca palikt \u2013 tobr\u012bd nebiju gatavs,&#8221; teica Nosegbe-Su\u0161ko, kur\u0161 Latvijas pieaugu\u0161o futbol\u0101 augst\u0101k par N\u0101kotnes l\u012bgu v\u0113l nav sp\u0113l\u0113jis. &#8220;\u0160ogad bija interese ar\u012b no Virsl\u012bgas klubiem, ta\u010du nevaru teikt \u2013 kuriem.&#8221;<\/p>\n","protected":false},"excerpt":{"rendered":"&#8220;Sp\u0113le nebija slikta, bet grib\u0113j\u0101m uzvar\u0113t. Gribam uzvar\u0113t katr\u0101 sp\u0113l\u0113, un m\u0113r\u0137is, dom\u0101ju, ir pretend\u0113t uz otro vai&hellip;\n","protected":false},"author":2,"featured_media":18285,"comment_status":"","ping_status":"","sticky":false,"template":"","format":"standard","meta":{"footnotes":""},"categories":[17],"tags":[676,35,39,38,36,37,34,40,67],"class_list":{"0":"post-18284","1":"post","2":"type-post","3":"status-publish","4":"format-standard","5":"has-post-thumbnail","7":"category-sports","8":"tag-futbols","9":"tag-latvia","10":"tag-latvian","11":"tag-latviesu","12":"tag-latviesu-valoda","13":"tag-latviesuvaloda","14":"tag-latvija","15":"tag-lv","16":"tag-sports"},"share_on_mastodon":{"url":"","error":""},"_links":{"self":[{"href":"https:\/\/www.europesays.com\/lv\/wp-json\/wp\/v2\/posts\/18284","targetHints":{"allow":["GET"]}}],"collection":[{"href":"https:\/\/www.europesays.com\/lv\/wp-json\/wp\/v2\/posts"}],"about":[{"href":"https:\/\/www.europesays.com\/lv\/wp-json\/wp\/v2\/types\/post"}],"author":[{"embeddable":true,"href":"https:\/\/www.europesays.com\/lv\/wp-json\/wp\/v2\/users\/2"}],"replies":[{"embeddable":true,"href":"https:\/\/www.europesays.com\/lv\/wp-json\/wp\/v2\/comments?post=18284"}],"version-history":[{"count":0,"href":"https:\/\/www.europesays.com\/lv\/wp-json\/wp\/v2\/posts\/18284\/revisions"}],"wp:featuredmedia":[{"embeddable":true,"href":"https:\/\/www.europesays.com\/lv\/wp-json\/wp\/v2\/media\/18285"}],"wp:attachment":[{"href":"https:\/\/www.europesays.com\/lv\/wp-json\/wp\/v2\/media?parent=18284"}],"wp:term":[{"taxonomy":"category","embeddable":true,"href":"https:\/\/www.europesays.com\/lv\/wp-json\/wp\/v2\/categories?post=18284"},{"taxonomy":"post_tag","embeddable":true,"href":"https:\/\/www.europesays.com\/lv\/wp-json\/wp\/v2\/tags?post=18284"}],"curies":[{"name":"wp","href":"https:\/\/api.w.org\/{rel}","templated":true}]}}