{"id":18304,"date":"2025-10-11T11:28:08","date_gmt":"2025-10-11T11:28:08","guid":{"rendered":"https:\/\/www.europesays.com\/lv\/18304\/"},"modified":"2025-10-11T11:28:08","modified_gmt":"2025-10-11T11:28:08","slug":"aizsargs-balinskis-nhl-ienems-savainota-kulikova-vietu-nakamajas-panthers-speles","status":"publish","type":"post","link":"https:\/\/www.europesays.com\/lv\/18304\/","title":{"rendered":"Aizsargs Balinskis NHL ie\u0146ems savainot\u0101 Ku\u013cikova vietu n\u0101kamaj\u0101s &#8220;Panthers&#8221; sp\u0113l\u0113s"},"content":{"rendered":"<p>Jau zi\u0146ots, ka ceturtdien &#8220;Panthers&#8221; bez Balinska sast\u0101v\u0101 sav\u0101 laukum\u0101 ar 2:1 (0:0, 1:1, 1:0) pieveica Latvijas uzbruc\u0113ja Rodrigo \u0100bola p\u0101rst\u0101v\u0113to Filadelfijas &#8220;Flyers&#8221;.<\/p>\n<p>Piektdien &#8220;Panthers&#8221; savainoto sp\u0113l\u0113t\u0101ju sarakst\u0101 iek\u013c\u0101va Ku\u013cikovu, kur\u0161 ma\u010da vid\u016b p\u0113c sadursmes ar pretinieku ar savainotu lab\u0101s rokas plaukstu pameta laukumu. Komanda ma\u010du turpin\u0101ja ar pieciem aizsargiem.<\/p>\n<p>Tiek prognoz\u0113ts, ka Ku\u013cikovs nesp\u0113l\u0113s vismaz ned\u0113\u013cu.<\/p>\n<p>&#8220;Panthers&#8221; galvenais treneris Pols Moriss liel\u0101ku skaidr\u012bbu par savainojumu sol\u012bja pirms sestdienas sp\u0113les, kur\u0101 &#8220;Panthers&#8221; sav\u0101 laukum\u0101 tiksies ar Otavas &#8220;Senators&#8221;.<\/p>\n<p>Laikraksts zi\u0146o, ka Ku\u013cikova vietu tre\u0161aj\u0101 aizsargu p\u0101r\u012b kop\u0101 ar D\u017eefu Petriju ie\u0146ems Balinskis.<\/p>\n<p>Iepriek\u0161\u0113j\u0101 sezon\u0101 Balinskis piedal\u012bj\u0101s 76 NHL pamatturn\u012bra sp\u0113l\u0113s, piecas aizvadot k\u0101 ceturt\u0101s mai\u0146as uzbruc\u0113js, un sakr\u0101ja 18 (4+14) rezultativit\u0101tes punktus, bet piec\u0101s Stenlija kausa sp\u0113l\u0113s guva vienus v\u0101rtus.<\/p>\n<p>&#8220;Esmu \u013coti progres\u0113jis,&#8221; saka Balinskis. &#8220;Dom\u0101ju, ka visvair\u0101k esmu k\u013cuvis lab\u0101ks ment\u0101li.&#8221;<\/p>\n<p>Pag\u0101ju\u0161aj\u0101 sezon\u0101 otro gadu p\u0113c k\u0101rtas par Stenlija kausa ieguv\u0113ju k\u013cuva Floridas &#8220;Panthers&#8221; ar latvie\u0161u aizsargu Uvi Balinski sast\u0101v\u0101.<\/p>\n","protected":false},"excerpt":{"rendered":"Jau zi\u0146ots, ka ceturtdien &#8220;Panthers&#8221; bez Balinska sast\u0101v\u0101 sav\u0101 laukum\u0101 ar 2:1 (0:0, 1:1, 1:0) pieveica Latvijas uzbruc\u0113ja&hellip;\n","protected":false},"author":2,"featured_media":18305,"comment_status":"","ping_status":"","sticky":false,"template":"","format":"standard","meta":{"footnotes":""},"categories":[17],"tags":[394,35,39,38,36,37,34,40,67,4672],"class_list":{"0":"post-18304","1":"post","2":"type-post","3":"status-publish","4":"format-standard","5":"has-post-thumbnail","7":"category-sports","8":"tag-hokejs","9":"tag-latvia","10":"tag-latvian","11":"tag-latviesu","12":"tag-latviesu-valoda","13":"tag-latviesuvaloda","14":"tag-latvija","15":"tag-lv","16":"tag-sports","17":"tag-uvis-janis-balinskis"},"share_on_mastodon":{"url":"","error":""},"_links":{"self":[{"href":"https:\/\/www.europesays.com\/lv\/wp-json\/wp\/v2\/posts\/18304","targetHints":{"allow":["GET"]}}],"collection":[{"href":"https:\/\/www.europesays.com\/lv\/wp-json\/wp\/v2\/posts"}],"about":[{"href":"https:\/\/www.europesays.com\/lv\/wp-json\/wp\/v2\/types\/post"}],"author":[{"embeddable":true,"href":"https:\/\/www.europesays.com\/lv\/wp-json\/wp\/v2\/users\/2"}],"replies":[{"embeddable":true,"href":"https:\/\/www.europesays.com\/lv\/wp-json\/wp\/v2\/comments?post=18304"}],"version-history":[{"count":0,"href":"https:\/\/www.europesays.com\/lv\/wp-json\/wp\/v2\/posts\/18304\/revisions"}],"wp:featuredmedia":[{"embeddable":true,"href":"https:\/\/www.europesays.com\/lv\/wp-json\/wp\/v2\/media\/18305"}],"wp:attachment":[{"href":"https:\/\/www.europesays.com\/lv\/wp-json\/wp\/v2\/media?parent=18304"}],"wp:term":[{"taxonomy":"category","embeddable":true,"href":"https:\/\/www.europesays.com\/lv\/wp-json\/wp\/v2\/categories?post=18304"},{"taxonomy":"post_tag","embeddable":true,"href":"https:\/\/www.europesays.com\/lv\/wp-json\/wp\/v2\/tags?post=18304"}],"curies":[{"name":"wp","href":"https:\/\/api.w.org\/{rel}","templated":true}]}}